{"id":18376,"date":"2022-01-14T16:33:06","date_gmt":"2022-01-14T22:33:06","guid":{"rendered":"http:\/\/elmetidosve.com\/?p=18376"},"modified":"2022-01-14T16:33:06","modified_gmt":"2022-01-14T22:33:06","slug":"vehiculo-es-consumido-por-el-fuego-en-carretera-hacia-santa-ana","status":"publish","type":"post","link":"https:\/\/elmetidosv.com\/?p=18376","title":{"rendered":"Veh\u00edculo es consumido por el fuego en carretera hacia Santa Ana"},"content":{"rendered":"<p><img loading=\"lazy\" decoding=\"async\" class=\"alignnone size-medium wp-image-18379\" src=\"http:\/\/elmetidosve.com\/wp-content\/uploads\/2022\/01\/0000-31-300x169.jpg\" alt=\"\" width=\"300\" height=\"169\" srcset=\"https:\/\/elmetidosv.com\/wp-content\/uploads\/2022\/01\/0000-31-300x169.jpg 300w, https:\/\/elmetidosv.com\/wp-content\/uploads\/2022\/01\/0000-31-1024x576.jpg 1024w, https:\/\/elmetidosv.com\/wp-content\/uploads\/2022\/01\/0000-31-768x432.jpg 768w, https:\/\/elmetidosv.com\/wp-content\/uploads\/2022\/01\/0000-31-1536x864.jpg 1536w, https:\/\/elmetidosv.com\/wp-content\/uploads\/2022\/01\/0000-31.jpg 1599w\" sizes=\"auto, (max-width: 300px) 100vw, 300px\" \/> <img loading=\"lazy\" decoding=\"async\" class=\"alignnone size-medium wp-image-18377\" src=\"http:\/\/elmetidosve.com\/wp-content\/uploads\/2022\/01\/0000-29-169x300.jpg\" alt=\"\" width=\"169\" height=\"300\" srcset=\"https:\/\/elmetidosv.com\/wp-content\/uploads\/2022\/01\/0000-29-169x300.jpg 169w, https:\/\/elmetidosv.com\/wp-content\/uploads\/2022\/01\/0000-29-576x1024.jpg 576w, https:\/\/elmetidosv.com\/wp-content\/uploads\/2022\/01\/0000-29-768x1366.jpg 768w, https:\/\/elmetidosv.com\/wp-content\/uploads\/2022\/01\/0000-29-864x1536.jpg 864w, https:\/\/elmetidosv.com\/wp-content\/uploads\/2022\/01\/0000-29.jpg 899w\" sizes=\"auto, (max-width: 169px) 100vw, 169px\" \/> <img loading=\"lazy\" decoding=\"async\" class=\"alignnone size-medium wp-image-18378\" src=\"http:\/\/elmetidosve.com\/wp-content\/uploads\/2022\/01\/0000-30-300x169.jpg\" alt=\"\" width=\"300\" height=\"169\" srcset=\"https:\/\/elmetidosv.com\/wp-content\/uploads\/2022\/01\/0000-30-300x169.jpg 300w, https:\/\/elmetidosv.com\/wp-content\/uploads\/2022\/01\/0000-30-1024x576.jpg 1024w, https:\/\/elmetidosv.com\/wp-content\/uploads\/2022\/01\/0000-30-768x432.jpg 768w, https:\/\/elmetidosv.com\/wp-content\/uploads\/2022\/01\/0000-30-1536x864.jpg 1536w, https:\/\/elmetidosv.com\/wp-content\/uploads\/2022\/01\/0000-30.jpg 1599w\" sizes=\"auto, (max-width: 300px) 100vw, 300px\" \/><\/p>\n<p>Un veh\u00edculo fue consumido por las lamas, esta ma\u00f1ana de viernes, sobre el kil\u00f3metro 47, sector de finca San Cayetano, en carretera que de San Salvador conduce hacia Santa Ana.<\/p>\n<p>Un equipo especializado del Cuerpo de Bomberos de El Salvador lleg\u00f3 al lugar para realizar labores de liquidaci\u00f3n y enfriamiento del autom\u00f3vil, del cual fue consumido por el fuego en casi su totalidad.<\/p>\n<p>Por este incidente, las autoridades no han reportado v\u00edctimas mortales ni personas lesionadas. Asimismo, las investigaciones determinar\u00e1n las causas que originaron el siniestro, a\u00fan que no se descarta que haya sido producto de un cortocircuito en la parte delantera del motor.<\/p>\n<p>Las autoridades hacen el llamado a los conductores a darle el debido mantenimiento mec\u00e1nico a su veh\u00edculo, esto con la finalidad de evitar este tipo de hechos.<\/p>\n<p>Tambi\u00e9n ponen a disposici\u00f3n la l\u00ednea inmediata gratuita 913 para reportar todo tipo de emergencias donde se requiera el auxilio del Cuerpo de Bomberos.<\/p>\n","protected":false},"excerpt":{"rendered":"<p>Un veh\u00edculo fue consumido por las lamas, esta ma\u00f1ana de viernes, sobre el kil\u00f3metro 47, sector de finca San Cayetano,<\/p>\n","protected":false},"author":2,"featured_media":18379,"comment_status":"open","ping_status":"open","sticky":false,"template":"","format":"standard","meta":{"colormag_page_container_layout":"default_layout","colormag_page_sidebar_layout":"default_layout","footnotes":""},"categories":[1],"tags":[],"class_list":["post-18376","post","type-post","status-publish","format-standard","has-post-thumbnail","hentry","category-nacional"],"_links":{"self":[{"href":"https:\/\/elmetidosv.com\/index.php?rest_route=\/wp\/v2\/posts\/18376","targetHints":{"allow":["GET"]}}],"collection":[{"href":"https:\/\/elmetidosv.com\/index.php?rest_route=\/wp\/v2\/posts"}],"about":[{"href":"https:\/\/elmetidosv.com\/index.php?rest_route=\/wp\/v2\/types\/post"}],"author":[{"embeddable":true,"href":"https:\/\/elmetidosv.com\/index.php?rest_route=\/wp\/v2\/users\/2"}],"replies":[{"embeddable":true,"href":"https:\/\/elmetidosv.com\/index.php?rest_route=%2Fwp%2Fv2%2Fcomments&post=18376"}],"version-history":[{"count":1,"href":"https:\/\/elmetidosv.com\/index.php?rest_route=\/wp\/v2\/posts\/18376\/revisions"}],"predecessor-version":[{"id":18380,"href":"https:\/\/elmetidosv.com\/index.php?rest_route=\/wp\/v2\/posts\/18376\/revisions\/18380"}],"wp:featuredmedia":[{"embeddable":true,"href":"https:\/\/elmetidosv.com\/index.php?rest_route=\/wp\/v2\/media\/18379"}],"wp:attachment":[{"href":"https:\/\/elmetidosv.com\/index.php?rest_route=%2Fwp%2Fv2%2Fmedia&parent=18376"}],"wp:term":[{"taxonomy":"category","embeddable":true,"href":"https:\/\/elmetidosv.com\/index.php?rest_route=%2Fwp%2Fv2%2Fcategories&post=18376"},{"taxonomy":"post_tag","embeddable":true,"href":"https:\/\/elmetidosv.com\/index.php?rest_route=%2Fwp%2Fv2%2Ftags&post=18376"}],"curies":[{"name":"wp","href":"https:\/\/api.w.org\/{rel}","templated":true}]}}