{"id":18283,"date":"2022-01-07T16:39:58","date_gmt":"2022-01-07T22:39:58","guid":{"rendered":"http:\/\/elmetidosve.com\/?p=18283"},"modified":"2022-01-07T16:39:58","modified_gmt":"2022-01-07T22:39:58","slug":"cuadruple-accidente-genero-caos-vehicular-en-carretera-los-chorros","status":"publish","type":"post","link":"https:\/\/elmetidosv.com\/?p=18283","title":{"rendered":"\u00a0Cu\u00e1druple accidente gener\u00f3 caos vehicular en carretera Los Chorros"},"content":{"rendered":"<p>Un cu\u00e1druple accidente de tr\u00e1nsito se report\u00f3 esta ma\u00f1ana de viernes sobre la carretera los Chorros, en sentido hacia Santa Tecla.<\/p>\n<p>Seg\u00fan reporte de las autoridades, en el accidente se vieron involucrados un autob\u00fas del transporte p\u00fablico, tres veh\u00edculos particulares y una motocicleta.<\/p>\n<p>Al lugar del accidente se hicieron presentes agentes de la Divisi\u00f3n de Tr\u00e1nsito Terrestre de la Polic\u00eda Nacional Civil (PNC)para verificar los hechos y deducir responsabilidades.<\/p>\n<p>Asimismo, los agentes coordinaron el fuerte congestionamiento vehicular que se gener\u00f3 en la zona debdo a que los automotores obstaculizaban la v\u00eda.<\/p>\n<p>Por este accidente, no se reportaron personas lesionadas de gravedad y a\u00fan se desconocen sobre las causas principales del percance vial.<\/p>\n","protected":false},"excerpt":{"rendered":"<p>Un cu\u00e1druple accidente de tr\u00e1nsito se report\u00f3 esta ma\u00f1ana de viernes sobre la carretera los Chorros, en sentido hacia Santa<\/p>\n","protected":false},"author":2,"featured_media":18284,"comment_status":"open","ping_status":"open","sticky":false,"template":"","format":"standard","meta":{"colormag_page_container_layout":"default_layout","colormag_page_sidebar_layout":"default_layout","footnotes":""},"categories":[1],"tags":[],"class_list":["post-18283","post","type-post","status-publish","format-standard","has-post-thumbnail","hentry","category-nacional"],"_links":{"self":[{"href":"https:\/\/elmetidosv.com\/index.php?rest_route=\/wp\/v2\/posts\/18283","targetHints":{"allow":["GET"]}}],"collection":[{"href":"https:\/\/elmetidosv.com\/index.php?rest_route=\/wp\/v2\/posts"}],"about":[{"href":"https:\/\/elmetidosv.com\/index.php?rest_route=\/wp\/v2\/types\/post"}],"author":[{"embeddable":true,"href":"https:\/\/elmetidosv.com\/index.php?rest_route=\/wp\/v2\/users\/2"}],"replies":[{"embeddable":true,"href":"https:\/\/elmetidosv.com\/index.php?rest_route=%2Fwp%2Fv2%2Fcomments&post=18283"}],"version-history":[{"count":1,"href":"https:\/\/elmetidosv.com\/index.php?rest_route=\/wp\/v2\/posts\/18283\/revisions"}],"predecessor-version":[{"id":18285,"href":"https:\/\/elmetidosv.com\/index.php?rest_route=\/wp\/v2\/posts\/18283\/revisions\/18285"}],"wp:featuredmedia":[{"embeddable":true,"href":"https:\/\/elmetidosv.com\/index.php?rest_route=\/wp\/v2\/media\/18284"}],"wp:attachment":[{"href":"https:\/\/elmetidosv.com\/index.php?rest_route=%2Fwp%2Fv2%2Fmedia&parent=18283"}],"wp:term":[{"taxonomy":"category","embeddable":true,"href":"https:\/\/elmetidosv.com\/index.php?rest_route=%2Fwp%2Fv2%2Fcategories&post=18283"},{"taxonomy":"post_tag","embeddable":true,"href":"https:\/\/elmetidosv.com\/index.php?rest_route=%2Fwp%2Fv2%2Ftags&post=18283"}],"curies":[{"name":"wp","href":"https:\/\/api.w.org\/{rel}","templated":true}]}}