{"id":18063,"date":"2021-12-20T17:02:38","date_gmt":"2021-12-20T23:02:38","guid":{"rendered":"http:\/\/elmetidosve.com\/?p=18063"},"modified":"2021-12-20T17:02:38","modified_gmt":"2021-12-20T23:02:38","slug":"pinera-recibe-a-gabriel-boric-en-la-moneda-para-iniciar-la-transicion-de-mando-en-chile","status":"publish","type":"post","link":"https:\/\/elmetidosv.com\/?p=18063","title":{"rendered":"Pi\u00f1era recibe a Gabriel Boric en La Moneda para iniciar la transici\u00f3n de mando en Chile"},"content":{"rendered":"<p><img decoding=\"async\" src=\"https:\/\/pbs.twimg.com\/media\/FHEu1EPX0AQWVb6?format=jpg&amp;name=360x360\" alt=\"Presidente electo Gabriel Boric ante el busto del ex Presidente Salvador Allende, Palacio de La Moneda.\" \/>\u00a0 \u00a0 \u00a0 \u00a0 \u00a0 \u00a0 \u00a0 \u00a0 <img decoding=\"async\" src=\"https:\/\/pbs.twimg.com\/media\/FHEu1EXXIAMVUqy?format=jpg&amp;name=360x360\" alt=\"Presidente electo Gabriel Boric ingresando a La Moneda junto a Izkia Siches y Giorgio Jackson.\" \/><\/p>\n<p><img decoding=\"async\" class=\"aligncenter\" src=\"https:\/\/pbs.twimg.com\/media\/FHEu1EiWYAYo0gw?format=jpg&amp;name=360x360\" alt=\"Presidente electo Gabriel Boric juntos un ni\u00f1o y su mam\u00e1, Palacio de La Moneda.\" \/><\/p>\n<p>El presidente electo de Chile, Gabriel Boric, fue recibido este lunes por el mandatario Sebasti\u00e1n Pi\u00f1era en el Palacio de la Moneda, en el marco de la transici\u00f3n de poder luego de la victoria del candidato de\u00a0la alianza Apruebo Dignidad.<\/p>\n<p>Boric arrib\u00f3 a la sede de Gobierno poco antes de las 2:00 PM (hora local), acompa\u00f1ado por su jefa de campa\u00f1a, la m\u00e9dica Izkia Siches, y el diputado\u00a0 Giorgio Jackson, del partido Revoluci\u00f3n Democr\u00e1tica (RD).<\/p>\n<p>\u00abBienvenido a La Moneda, que tenga un muy buen gobierno.\u00a0<strong>S\u00e9 que va a hacer lo mejor posible<\/strong>\u00ab, le dijo Pi\u00f1era al ganador de los comicios mientras le estrechaba la mano frente a la prensa presente, seg\u00fan inform\u00f3\u00a0B\u00edobio.<\/p>\n<p>Boric respondi\u00f3:\u00a0<strong>\u00abEspero estar a la altura de este tremendo desaf\u00edo\u00bb<\/strong>.\u00a0Luego, ambos se quitaron las mascarillas para tomarse fotos con sus rostros descubiertos.\u00a0<strong>\u00abLo hacemos por la historia\u00bb<\/strong>, dijo Pi\u00f1era.<\/p>\n<p>Tras el saludo protocolar, Pi\u00f1era ofreci\u00f3 un discurso en el que resalt\u00f3 que habr\u00e1 una transici\u00f3n ordenada y respetuosa: \u00ab<strong>Le hemos ofrecido toda la colaboraci\u00f3n<\/strong>\u00a0para que el traspaso de mando, en democracia, se haga con fluidez, con eficacia y que sea muy republicano\u00bb, se\u00f1al\u00f3.<\/p>\n<div class=\"ReadMore-root Section-root Section-is1to3-xs_is1to1\" data-widgets=\"ReadMore\">\n<div class=\"Section-container Section-isRow-isTop-isWrap\">\n<article class=\"Card-root Card-is1to1 \">\n<div class=\"Card-imageWrap\">\n<div class=\"Card-picture\"><picture class=\"Picture-root Picture-default\"><source srcset=\" \nhttps:\/\/cdni.rt.com\/actualidad\/public_images\/2021.12\/thumbnail\/61c0a0b0e9ff7126760998bf.JPG 850w,\n                https:\/\/cdni.rt.com\/actualidad\/public_images\/2021.12\/article\/61c0a0b0e9ff7126760998be.JPG 1960w,\n            \" media=\"(-webkit-min-device-pixel-ratio: 2) and (min-resolution: 120dpi)\" sizes=\"280px\" data-srcset=\"\n                https:\/\/cdni.rt.com\/actualidad\/public_images\/2021.12\/thumbnail\/61c0a0b0e9ff7126760998bf.JPG 850w,\n                https:\/\/cdni.rt.com\/actualidad\/public_images\/2021.12\/article\/61c0a0b0e9ff7126760998be.JPG 1960w,\n            \" \/><source srcset=\" \nhttps:\/\/cdni.rt.com\/actualidad\/public_images\/2021.12\/thumbnail\/61c0a0b0e9ff7126760998bf.JPG 460w,\n              https:\/\/cdni.rt.com\/actualidad\/public_images\/2021.12\/article\/61c0a0b0e9ff7126760998be.JPG 980w,\n            \" sizes=\"280px\" data-srcset=\"\n              https:\/\/cdni.rt.com\/actualidad\/public_images\/2021.12\/thumbnail\/61c0a0b0e9ff7126760998bf.JPG 460w,\n              https:\/\/cdni.rt.com\/actualidad\/public_images\/2021.12\/article\/61c0a0b0e9ff7126760998be.JPG 980w,\n            \" \/><\/picture><\/div>\n<div>\n<div class=\"Text-root Text-type_5 ArticleView-text ViewText-root \">\n<p>\u00abDijo el presidente electo: &#8216;<strong>los gobiernos pasan, pero el Estado de Chile queda<\/strong>&#8216;, y todos tenemos un compromiso de lealtad con los chilenos y chilenas\u00bb, apunt\u00f3 el mandatario en funciones.<\/p>\n<p>Sobre el encuentro que mantuvo con Boric en forma privada, Pi\u00f1era adelant\u00f3 que la agenda vers\u00f3 sobre temas internacionales. \u00ab<strong>Le ped\u00ed su opini\u00f3n en temas que hay que resolver en los pr\u00f3ximos d\u00edas y semanas<\/strong>, y despu\u00e9s conversamos sobre los temas que les interesan a los chilenos\u00bb, indic\u00f3.<\/p>\n<p>Por su parte, el exdirigente estudiantil de 35 a\u00f1os adelant\u00f3\u00a0que nombrar\u00e1 a su Gabinete \u00ablo m\u00e1s pronto posible\u00bb, y que buscar\u00e1 que su equipo de gobierno \u00abentregue certezas\u00bb.<\/p>\n<p>El referente\u00a0de izquierda Gabriel Boric, quien asumir\u00e1 la primera magistratura de Chile el pr\u00f3ximo 11 de marzo de 2022,\u00a0se impuso\u00a0en el balotaje de este domingo sobre el referente de extrema derecha Jos\u00e9 Antonio Kast, por una diferencia superior a los 10 puntos.<\/p>\n<p>Con el 55,87 % de los votos, el pol\u00edtico chileno se erigi\u00f3 como el presidente electo m\u00e1s joven y m\u00e1s votado de la historia chilena.<\/p>\n<\/div>\n<div class=\"ArticleView-telegramBanner\"><\/div>\n<\/div>\n<\/div>\n<\/article>\n<\/div>\n<\/div>\n","protected":false},"excerpt":{"rendered":"<p>\u00a0 \u00a0 \u00a0 \u00a0 \u00a0 \u00a0 \u00a0 \u00a0 El presidente electo de Chile, Gabriel Boric, fue recibido este lunes por<\/p>\n","protected":false},"author":2,"featured_media":18064,"comment_status":"open","ping_status":"open","sticky":false,"template":"","format":"standard","meta":{"colormag_page_container_layout":"default_layout","colormag_page_sidebar_layout":"default_layout","footnotes":""},"categories":[3],"tags":[],"class_list":["post-18063","post","type-post","status-publish","format-standard","has-post-thumbnail","hentry","category-internacional"],"_links":{"self":[{"href":"https:\/\/elmetidosv.com\/index.php?rest_route=\/wp\/v2\/posts\/18063","targetHints":{"allow":["GET"]}}],"collection":[{"href":"https:\/\/elmetidosv.com\/index.php?rest_route=\/wp\/v2\/posts"}],"about":[{"href":"https:\/\/elmetidosv.com\/index.php?rest_route=\/wp\/v2\/types\/post"}],"author":[{"embeddable":true,"href":"https:\/\/elmetidosv.com\/index.php?rest_route=\/wp\/v2\/users\/2"}],"replies":[{"embeddable":true,"href":"https:\/\/elmetidosv.com\/index.php?rest_route=%2Fwp%2Fv2%2Fcomments&post=18063"}],"version-history":[{"count":1,"href":"https:\/\/elmetidosv.com\/index.php?rest_route=\/wp\/v2\/posts\/18063\/revisions"}],"predecessor-version":[{"id":18065,"href":"https:\/\/elmetidosv.com\/index.php?rest_route=\/wp\/v2\/posts\/18063\/revisions\/18065"}],"wp:featuredmedia":[{"embeddable":true,"href":"https:\/\/elmetidosv.com\/index.php?rest_route=\/wp\/v2\/media\/18064"}],"wp:attachment":[{"href":"https:\/\/elmetidosv.com\/index.php?rest_route=%2Fwp%2Fv2%2Fmedia&parent=18063"}],"wp:term":[{"taxonomy":"category","embeddable":true,"href":"https:\/\/elmetidosv.com\/index.php?rest_route=%2Fwp%2Fv2%2Fcategories&post=18063"},{"taxonomy":"post_tag","embeddable":true,"href":"https:\/\/elmetidosv.com\/index.php?rest_route=%2Fwp%2Fv2%2Ftags&post=18063"}],"curies":[{"name":"wp","href":"https:\/\/api.w.org\/{rel}","templated":true}]}}