{"id":18060,"date":"2021-12-17T17:18:35","date_gmt":"2021-12-17T23:18:35","guid":{"rendered":"http:\/\/elmetidosve.com\/?p=18060"},"modified":"2021-12-17T17:18:35","modified_gmt":"2021-12-17T23:18:35","slug":"25-anos-de-carcel-para-sujeto-que-confeso-haber-matado-a-su-companera-de-vida","status":"publish","type":"post","link":"https:\/\/elmetidosv.com\/?p=18060","title":{"rendered":"25 a\u00f1os de c\u00e1rcel para sujeto que confes\u00f3 haber matado a su compa\u00f1era de vida"},"content":{"rendered":"<p>En un procedimiento abreviado, Franklin Zamora, confes\u00f3 que asesin\u00f3 a su compa\u00f1era de vida y fue condenado a 25 a\u00f1os de prisi\u00f3n por el delito de feminicidio agravado.<\/p>\n<p>La Fiscal\u00eda acord\u00f3 con la defensa esa salida alterna y el Juzgado Especializado de Sentencia para una Vida Libre de Violencia y Discriminaci\u00f3n para las Mujeres de San Salvador lo autoriz\u00f3.<\/p>\n<div class=\"slick-track\"><\/div>\n<div>\n<p>En la vista p\u00fablica,\u00a0Zamora se auto incrimin\u00f3 diciendo la forma en la que asesin\u00f3 a su pareja, la versi\u00f3n que dio fue verificada con la prueba que el ministerio p\u00fablico hab\u00eda recopilado y presentado en el proceso.<\/p>\n<p>Se inform\u00f3 que la jueza al momento de dar el fallo dijo que el imputado act\u00fao con misoginia hacia su compa\u00f1era de vida, hubo violencia de g\u00e9nero adem\u00e1s se\u00f1al\u00f3 que \u00abFue un hecho reprochable porque lo hizo frente a la hija de ambos\u00bb.<\/p>\n<\/div>\n","protected":false},"excerpt":{"rendered":"<p>En un procedimiento abreviado, Franklin Zamora, confes\u00f3 que asesin\u00f3 a su compa\u00f1era de vida y fue condenado a 25 a\u00f1os<\/p>\n","protected":false},"author":2,"featured_media":18061,"comment_status":"open","ping_status":"open","sticky":false,"template":"","format":"standard","meta":{"colormag_page_container_layout":"default_layout","colormag_page_sidebar_layout":"default_layout","footnotes":""},"categories":[1],"tags":[],"class_list":["post-18060","post","type-post","status-publish","format-standard","has-post-thumbnail","hentry","category-nacional"],"_links":{"self":[{"href":"https:\/\/elmetidosv.com\/index.php?rest_route=\/wp\/v2\/posts\/18060","targetHints":{"allow":["GET"]}}],"collection":[{"href":"https:\/\/elmetidosv.com\/index.php?rest_route=\/wp\/v2\/posts"}],"about":[{"href":"https:\/\/elmetidosv.com\/index.php?rest_route=\/wp\/v2\/types\/post"}],"author":[{"embeddable":true,"href":"https:\/\/elmetidosv.com\/index.php?rest_route=\/wp\/v2\/users\/2"}],"replies":[{"embeddable":true,"href":"https:\/\/elmetidosv.com\/index.php?rest_route=%2Fwp%2Fv2%2Fcomments&post=18060"}],"version-history":[{"count":1,"href":"https:\/\/elmetidosv.com\/index.php?rest_route=\/wp\/v2\/posts\/18060\/revisions"}],"predecessor-version":[{"id":18062,"href":"https:\/\/elmetidosv.com\/index.php?rest_route=\/wp\/v2\/posts\/18060\/revisions\/18062"}],"wp:featuredmedia":[{"embeddable":true,"href":"https:\/\/elmetidosv.com\/index.php?rest_route=\/wp\/v2\/media\/18061"}],"wp:attachment":[{"href":"https:\/\/elmetidosv.com\/index.php?rest_route=%2Fwp%2Fv2%2Fmedia&parent=18060"}],"wp:term":[{"taxonomy":"category","embeddable":true,"href":"https:\/\/elmetidosv.com\/index.php?rest_route=%2Fwp%2Fv2%2Fcategories&post=18060"},{"taxonomy":"post_tag","embeddable":true,"href":"https:\/\/elmetidosv.com\/index.php?rest_route=%2Fwp%2Fv2%2Ftags&post=18060"}],"curies":[{"name":"wp","href":"https:\/\/api.w.org\/{rel}","templated":true}]}}