{"id":17988,"date":"2021-12-16T12:08:26","date_gmt":"2021-12-16T18:08:26","guid":{"rendered":"http:\/\/elmetidosve.com\/?p=17988"},"modified":"2021-12-16T12:08:26","modified_gmt":"2021-12-16T18:08:26","slug":"la-respuesta-del-gobierno-de-colombia-al-informe-de-la-onu-sobre-el-paro-nacional-que-revela-homicidios-a-manos-de-la-fuerza-publica","status":"publish","type":"post","link":"https:\/\/elmetidosv.com\/?p=17988","title":{"rendered":"La respuesta del Gobierno de Colombia al informe de la ONU sobre el Paro Nacional que revela homicidios a manos de la fuerza p\u00fablica"},"content":{"rendered":"<p>El Gobierno de Colombia inform\u00f3 que recibe \u00abcon el mayor sentido de responsabilidad\u00bb el\u00a0informe\u00a0de la\u00a0Organizaci\u00f3n de las Naciones Unidas (ONU)\u00a0sobre\u00a0el Paro Nacional desarrollado entre el 28 de abril y el 31 de julio, que reporta\u00a0\u00abgraves violaciones a los derechos humanos\u00bb.<\/p>\n<p>Mediante un comunicado,\u00a0publicado\u00a0por la Canciller\u00eda, el Gobierno colombiano\u00a0<strong>condena, de manera vehemente, \u00abcualquier violaci\u00f3n de derechos humanos<\/strong>\u00a0que se haya presentado en casos individuales\u00bb.<\/p>\n<p>\u00abDuelen cada una de estas v\u00edctimas y sus familias merecen justicia y reparaci\u00f3n\u00bb, a\u00f1ade el texto del Ministerio de Relaciones Exteriores.<\/p>\n<p>En el documento, el Gobierno colombiano menciona\u00a0su \u00abrespaldo al derecho a la reuni\u00f3n pac\u00edfica\u00bb y su \u00abtalante dial\u00f3gico para tramitar las demandas ciudadanas, con enfoque territorial y con especial \u00e9nfasis en grupos \u00e9tnicos, mujeres y j\u00f3venes\u00bb.<\/p>\n<p>\u00abCoherente con su posici\u00f3n de respeto y garant\u00eda de los derechos humanos, el Estado est\u00e1 llamado a\u00a0<strong>desplegar todas las acciones necesarias<\/strong>\u00a0para proteger a su poblaci\u00f3n, por lo que rechaza todo acto violento que desnaturaliza el ejercicio pac\u00edfico de la protesta y que pone en riesgo la vida, integridad y libertad de nuestros ciudadanos, as\u00ed como la estabilidad econ\u00f3mica e institucional\u00bb, a\u00f1ade el texto.<\/p>\n<h3>Las violaciones a los DDHH<\/h3>\n<p>En el documento de la ONU, titulado &#8216;El Paro Nacional 2021: Lecciones Aprendidas para el ejercicio del derecho de reuni\u00f3n pac\u00edfica en Colombia&#8217; y elaborado por la\u00a0Oficina del Alto Comisionado de las Naciones Unidas para los Derechos Humanos\u00a0(OACNUDH) en el pa\u00eds suramericano,\u00a0esta instituci\u00f3n se\u00f1ala que recibi\u00f3 informaci\u00f3n sobre 63 muertes en el contexto de protestas. De ese n\u00famero, pudo verificar 46 casos, de los cuales\u00a0<strong>28 ser\u00edan homicidios a manos de la fuerza p\u00fablica<\/strong>,\u00a010 habr\u00edan sido cometidos por \u00abactores no estatales\u00bb y en ocho no se pudieron obtener datos suficientes.<\/p>\n<p>Tambi\u00e9n se revela que\u00a0los uniformados habr\u00edan usado\u00a0<strong>armas letales<\/strong>\u00a0\u00abcontra manifestantes pac\u00edficos y transe\u00fantes que no estaban participando de las protestas\u00bb.<\/p>\n<p>Asimismo, describe que en\u00a0el marco de las protestas se registraron en muchas personas \u00abtraumatismo craneoencef\u00e1lico grave,\u00a0p\u00e9rdida de globos oculares\u00a0y deformaciones faciales permanentes\u00bb.<\/p>\n<p>La ONU tambi\u00e9n\u00a0reporta que recibi\u00f3\u00a0<strong>60 denuncias de agresiones sexuales<\/strong>\u00a0\u00abpresuntamente cometidas por miembros de la Polic\u00eda Nacional\u00bb, de las cuales 48 se corresponden a mujeres, y pudieron verificar los casos de 16 v\u00edctimas.<\/p>\n<p>Al respecto de los atropellos de la fuerza p\u00fablica, el Gobierno colombiano habla de la\u00a0<strong>\u00abpol\u00edtica de cero tolerancia\u00bb<\/strong>\u00a0a estos casos de abuso. Dice que esa pol\u00edtica \u00abno es ret\u00f3rica\u00bb y \u00abse traduce en medidas efectivas de prevenci\u00f3n de esos casos, de sanci\u00f3n a los responsables y de reparaci\u00f3n a las v\u00edctimas\u00bb.<\/p>\n","protected":false},"excerpt":{"rendered":"<p>El Gobierno de Colombia inform\u00f3 que recibe \u00abcon el mayor sentido de responsabilidad\u00bb el\u00a0informe\u00a0de la\u00a0Organizaci\u00f3n de las Naciones Unidas (ONU)\u00a0sobre\u00a0el<\/p>\n","protected":false},"author":2,"featured_media":17989,"comment_status":"open","ping_status":"open","sticky":false,"template":"","format":"standard","meta":{"colormag_page_container_layout":"default_layout","colormag_page_sidebar_layout":"default_layout","footnotes":""},"categories":[3],"tags":[],"class_list":["post-17988","post","type-post","status-publish","format-standard","has-post-thumbnail","hentry","category-internacional"],"_links":{"self":[{"href":"https:\/\/elmetidosv.com\/index.php?rest_route=\/wp\/v2\/posts\/17988","targetHints":{"allow":["GET"]}}],"collection":[{"href":"https:\/\/elmetidosv.com\/index.php?rest_route=\/wp\/v2\/posts"}],"about":[{"href":"https:\/\/elmetidosv.com\/index.php?rest_route=\/wp\/v2\/types\/post"}],"author":[{"embeddable":true,"href":"https:\/\/elmetidosv.com\/index.php?rest_route=\/wp\/v2\/users\/2"}],"replies":[{"embeddable":true,"href":"https:\/\/elmetidosv.com\/index.php?rest_route=%2Fwp%2Fv2%2Fcomments&post=17988"}],"version-history":[{"count":1,"href":"https:\/\/elmetidosv.com\/index.php?rest_route=\/wp\/v2\/posts\/17988\/revisions"}],"predecessor-version":[{"id":17991,"href":"https:\/\/elmetidosv.com\/index.php?rest_route=\/wp\/v2\/posts\/17988\/revisions\/17991"}],"wp:featuredmedia":[{"embeddable":true,"href":"https:\/\/elmetidosv.com\/index.php?rest_route=\/wp\/v2\/media\/17989"}],"wp:attachment":[{"href":"https:\/\/elmetidosv.com\/index.php?rest_route=%2Fwp%2Fv2%2Fmedia&parent=17988"}],"wp:term":[{"taxonomy":"category","embeddable":true,"href":"https:\/\/elmetidosv.com\/index.php?rest_route=%2Fwp%2Fv2%2Fcategories&post=17988"},{"taxonomy":"post_tag","embeddable":true,"href":"https:\/\/elmetidosv.com\/index.php?rest_route=%2Fwp%2Fv2%2Ftags&post=17988"}],"curies":[{"name":"wp","href":"https:\/\/api.w.org\/{rel}","templated":true}]}}