{"id":1792,"date":"2020-04-26T16:04:18","date_gmt":"2020-04-26T22:04:18","guid":{"rendered":"http:\/\/elmetidosve.com\/?p=1792"},"modified":"2020-04-26T16:04:25","modified_gmt":"2020-04-26T22:04:25","slug":"salvadoreno-cumplira-cuarentena-en-el-pais-tras-ser-expulsado-de-guatemala","status":"publish","type":"post","link":"https:\/\/elmetidosv.com\/?p=1792","title":{"rendered":"Salvadore\u00f1o cumplir\u00e1 cuarentena en el pa\u00eds tras ser expulsado de Guatemala"},"content":{"rendered":"\n<p>Un salvadore\u00f1o fue expulsado durante este domingo de Guatemala y reaiz\u00f3 su ingres\u00f3 por la frontera de Anguiat\u00fa, del municipio de Metap\u00e1n, en el departamento de Santa Ana,  ahora pasar\u00e1 en cuarentena en el pa\u00eds.<\/p>\n\n\n\n<p>Seg\u00fan las autoridades de la Direcci\u00f3n General de Migraci\u00f3n y Extranjer\u00eda (DGME) el salvadore\u00f1o fue entregado a la Polic\u00eda Nacional Civil (PNC) y tras pasar por migraci\u00f3n se le realiz\u00f3 un chequeo m\u00e9dico preventivo sin reportar ninguna novedad.<\/p>\n\n\n\n<p>Sin embargo, las autoridades de Migraci\u00f3n detallaron que todas las personas ser\u00e1n enviadas inmediatamente a un centro de cuarentena como medidas  sanitaria para prevenir casos de coronavirus o COVID -19.<\/p>\n\n\n\n<p>Las autoridades aprovecharon para hacer el llamado a las personas, a tomar el ejemplo de estos ciudadanos, ya que decidieron hacer su registro migratorio en un punto fronterizo de manera legal.<\/p>\n\n\n\n<p>Seg\u00fan el Centro de Coordinaci\u00f3n para la Prevenci\u00f3n de los Desastres en Centroam\u00e9rica y Rep\u00fablica Dominicana, en Guatemala se contabilizan 473 enfermas por coronavirus.<\/p>\n","protected":false},"excerpt":{"rendered":"<p>Un salvadore\u00f1o fue expulsado durante este domingo de Guatemala y reaiz\u00f3 su ingres\u00f3 por la frontera de Anguiat\u00fa, del municipio<\/p>\n","protected":false},"author":1,"featured_media":1793,"comment_status":"open","ping_status":"open","sticky":false,"template":"","format":"standard","meta":{"colormag_page_container_layout":"default_layout","colormag_page_sidebar_layout":"default_layout","footnotes":""},"categories":[1],"tags":[],"class_list":["post-1792","post","type-post","status-publish","format-standard","has-post-thumbnail","hentry","category-nacional"],"_links":{"self":[{"href":"https:\/\/elmetidosv.com\/index.php?rest_route=\/wp\/v2\/posts\/1792","targetHints":{"allow":["GET"]}}],"collection":[{"href":"https:\/\/elmetidosv.com\/index.php?rest_route=\/wp\/v2\/posts"}],"about":[{"href":"https:\/\/elmetidosv.com\/index.php?rest_route=\/wp\/v2\/types\/post"}],"author":[{"embeddable":true,"href":"https:\/\/elmetidosv.com\/index.php?rest_route=\/wp\/v2\/users\/1"}],"replies":[{"embeddable":true,"href":"https:\/\/elmetidosv.com\/index.php?rest_route=%2Fwp%2Fv2%2Fcomments&post=1792"}],"version-history":[{"count":1,"href":"https:\/\/elmetidosv.com\/index.php?rest_route=\/wp\/v2\/posts\/1792\/revisions"}],"predecessor-version":[{"id":1794,"href":"https:\/\/elmetidosv.com\/index.php?rest_route=\/wp\/v2\/posts\/1792\/revisions\/1794"}],"wp:featuredmedia":[{"embeddable":true,"href":"https:\/\/elmetidosv.com\/index.php?rest_route=\/wp\/v2\/media\/1793"}],"wp:attachment":[{"href":"https:\/\/elmetidosv.com\/index.php?rest_route=%2Fwp%2Fv2%2Fmedia&parent=1792"}],"wp:term":[{"taxonomy":"category","embeddable":true,"href":"https:\/\/elmetidosv.com\/index.php?rest_route=%2Fwp%2Fv2%2Fcategories&post=1792"},{"taxonomy":"post_tag","embeddable":true,"href":"https:\/\/elmetidosv.com\/index.php?rest_route=%2Fwp%2Fv2%2Ftags&post=1792"}],"curies":[{"name":"wp","href":"https:\/\/api.w.org\/{rel}","templated":true}]}}