{"id":17905,"date":"2021-12-13T16:59:57","date_gmt":"2021-12-13T22:59:57","guid":{"rendered":"http:\/\/elmetidosve.com\/?p=17905"},"modified":"2021-12-13T16:59:57","modified_gmt":"2021-12-13T22:59:57","slug":"sancionan-a-una-unidad-del-transporte-publico-por-alterar-la-tarifa-al-pasaje-no-autorizado","status":"publish","type":"post","link":"https:\/\/elmetidosv.com\/?p=17905","title":{"rendered":"Sancionan a una unidad del transporte p\u00fablico por alterar la tarifa al pasaje no autorizado"},"content":{"rendered":"<p>El Viceministerio de Transporte (VMT) en coordinaci\u00f3n con la Polic\u00eda Nacional de Tr\u00e1nsito Terrestre de la PNC, sancionaron una unidad del transporte p\u00fablico por alterar la tarifa al pasaje no autorizado.<\/p>\n<p>De acuerdo al VMT, se trata de un autob\u00fas de la ruta 201 que hace su recorrido del departamento de Santa Ana hacia la ciudad de Metap\u00e1n, cuyo conductor fue sorprendido esta ma\u00f1ana en un control vehicular.<\/p>\n<p>Las autoridades hacen el llamado a la poblaci\u00f3n salvadore\u00f1a a seguir denunciando a los conductores del transporte p\u00fablico que alteran el pasaje y que, adem\u00e1s, infringen la Ley de Tr\u00e1nsito Vial.<\/p>\n<p>Asimismo, desde muy temprano, la PNC mantiene dispositivos en distintos puntos del pa\u00eds para verificar las medidas de bioseguridad anti-COVID-19 en el transporte colectivo.<\/p>\n<p>Adem\u00e1s, verifican que las unidades circulen en buenas condiciones y no se desv\u00eden de sus rutas establecidas, esto con la finalidad de cuidar el bienestar de la poblaci\u00f3n.<\/p>\n","protected":false},"excerpt":{"rendered":"<p>El Viceministerio de Transporte (VMT) en coordinaci\u00f3n con la Polic\u00eda Nacional de Tr\u00e1nsito Terrestre de la PNC, sancionaron una unidad<\/p>\n","protected":false},"author":2,"featured_media":17906,"comment_status":"open","ping_status":"open","sticky":false,"template":"","format":"standard","meta":{"colormag_page_container_layout":"default_layout","colormag_page_sidebar_layout":"default_layout","footnotes":""},"categories":[1],"tags":[],"class_list":["post-17905","post","type-post","status-publish","format-standard","has-post-thumbnail","hentry","category-nacional"],"_links":{"self":[{"href":"https:\/\/elmetidosv.com\/index.php?rest_route=\/wp\/v2\/posts\/17905","targetHints":{"allow":["GET"]}}],"collection":[{"href":"https:\/\/elmetidosv.com\/index.php?rest_route=\/wp\/v2\/posts"}],"about":[{"href":"https:\/\/elmetidosv.com\/index.php?rest_route=\/wp\/v2\/types\/post"}],"author":[{"embeddable":true,"href":"https:\/\/elmetidosv.com\/index.php?rest_route=\/wp\/v2\/users\/2"}],"replies":[{"embeddable":true,"href":"https:\/\/elmetidosv.com\/index.php?rest_route=%2Fwp%2Fv2%2Fcomments&post=17905"}],"version-history":[{"count":1,"href":"https:\/\/elmetidosv.com\/index.php?rest_route=\/wp\/v2\/posts\/17905\/revisions"}],"predecessor-version":[{"id":17907,"href":"https:\/\/elmetidosv.com\/index.php?rest_route=\/wp\/v2\/posts\/17905\/revisions\/17907"}],"wp:featuredmedia":[{"embeddable":true,"href":"https:\/\/elmetidosv.com\/index.php?rest_route=\/wp\/v2\/media\/17906"}],"wp:attachment":[{"href":"https:\/\/elmetidosv.com\/index.php?rest_route=%2Fwp%2Fv2%2Fmedia&parent=17905"}],"wp:term":[{"taxonomy":"category","embeddable":true,"href":"https:\/\/elmetidosv.com\/index.php?rest_route=%2Fwp%2Fv2%2Fcategories&post=17905"},{"taxonomy":"post_tag","embeddable":true,"href":"https:\/\/elmetidosv.com\/index.php?rest_route=%2Fwp%2Fv2%2Ftags&post=17905"}],"curies":[{"name":"wp","href":"https:\/\/api.w.org\/{rel}","templated":true}]}}