{"id":17894,"date":"2021-12-12T12:42:28","date_gmt":"2021-12-12T18:42:28","guid":{"rendered":"http:\/\/elmetidosve.com\/?p=17894"},"modified":"2021-12-12T12:42:28","modified_gmt":"2021-12-12T18:42:28","slug":"un-pandillero-fallecido-tras-enfrentamiento-con-policias-en-aguilares","status":"publish","type":"post","link":"https:\/\/elmetidosv.com\/?p=17894","title":{"rendered":"Un pandillero fallecido tras enfrentamiento con polic\u00edas en Aguilares"},"content":{"rendered":"<p>Un miembro de pandillas perdi\u00f3 la vida luego de enfrentarse con elementos de la Polic\u00eda Nacional Civil (PNC) esta ma\u00f1ana de domingo.<\/p>\n<p>De acuerdo con la informaci\u00f3n, el pandillero se conduc\u00eda a bordo de una motocicleta sobre la carretera Troncal del Norte en Aguilares.<\/p>\n<p>\u00abAl observar un control vehicular este (pandillero) desenfund\u00f3 una pistola\u00bb, inform\u00f3 la PNC en sus redes sociales. Adem\u00e1s agregaron que en la escena se encuentra el cad\u00e1ver junto a un arma y la motocicleta.<\/p>\n<p>Las autoridaes confirmaron que se trata de un miembro activo de la pandilla 18 sure\u00f1os. Hasta el momento no ha sido identificado.<\/p>\n<p>Afortunadamente las autoridaes no reportan compa\u00f1eros lesionados producto del tiroteo.<\/p>\n","protected":false},"excerpt":{"rendered":"<p>Un miembro de pandillas perdi\u00f3 la vida luego de enfrentarse con elementos de la Polic\u00eda Nacional Civil (PNC) esta ma\u00f1ana<\/p>\n","protected":false},"author":2,"featured_media":17895,"comment_status":"open","ping_status":"open","sticky":false,"template":"","format":"standard","meta":{"colormag_page_container_layout":"default_layout","colormag_page_sidebar_layout":"default_layout","footnotes":""},"categories":[1],"tags":[],"class_list":["post-17894","post","type-post","status-publish","format-standard","has-post-thumbnail","hentry","category-nacional"],"_links":{"self":[{"href":"https:\/\/elmetidosv.com\/index.php?rest_route=\/wp\/v2\/posts\/17894","targetHints":{"allow":["GET"]}}],"collection":[{"href":"https:\/\/elmetidosv.com\/index.php?rest_route=\/wp\/v2\/posts"}],"about":[{"href":"https:\/\/elmetidosv.com\/index.php?rest_route=\/wp\/v2\/types\/post"}],"author":[{"embeddable":true,"href":"https:\/\/elmetidosv.com\/index.php?rest_route=\/wp\/v2\/users\/2"}],"replies":[{"embeddable":true,"href":"https:\/\/elmetidosv.com\/index.php?rest_route=%2Fwp%2Fv2%2Fcomments&post=17894"}],"version-history":[{"count":1,"href":"https:\/\/elmetidosv.com\/index.php?rest_route=\/wp\/v2\/posts\/17894\/revisions"}],"predecessor-version":[{"id":17896,"href":"https:\/\/elmetidosv.com\/index.php?rest_route=\/wp\/v2\/posts\/17894\/revisions\/17896"}],"wp:featuredmedia":[{"embeddable":true,"href":"https:\/\/elmetidosv.com\/index.php?rest_route=\/wp\/v2\/media\/17895"}],"wp:attachment":[{"href":"https:\/\/elmetidosv.com\/index.php?rest_route=%2Fwp%2Fv2%2Fmedia&parent=17894"}],"wp:term":[{"taxonomy":"category","embeddable":true,"href":"https:\/\/elmetidosv.com\/index.php?rest_route=%2Fwp%2Fv2%2Fcategories&post=17894"},{"taxonomy":"post_tag","embeddable":true,"href":"https:\/\/elmetidosv.com\/index.php?rest_route=%2Fwp%2Fv2%2Ftags&post=17894"}],"curies":[{"name":"wp","href":"https:\/\/api.w.org\/{rel}","templated":true}]}}