{"id":17832,"date":"2021-12-10T13:05:59","date_gmt":"2021-12-10T19:05:59","guid":{"rendered":"http:\/\/elmetidosve.com\/?p=17832"},"modified":"2021-12-10T13:05:59","modified_gmt":"2021-12-10T19:05:59","slug":"pnc-captura-a-dos-pandilleros-que-portaban-un-fusil-y-una-granada-en-santa-tecla","status":"publish","type":"post","link":"https:\/\/elmetidosv.com\/?p=17832","title":{"rendered":"PNC captura a dos pandilleros que portaban un fusil y una granada en Santa Tecla"},"content":{"rendered":"<p><img loading=\"lazy\" decoding=\"async\" class=\"alignnone size-medium wp-image-17833\" src=\"http:\/\/elmetidosve.com\/wp-content\/uploads\/2021\/12\/0000-45-213x300.jpg\" alt=\"\" width=\"213\" height=\"300\" srcset=\"https:\/\/elmetidosv.com\/wp-content\/uploads\/2021\/12\/0000-45-213x300.jpg 213w, https:\/\/elmetidosv.com\/wp-content\/uploads\/2021\/12\/0000-45-726x1024.jpg 726w, https:\/\/elmetidosv.com\/wp-content\/uploads\/2021\/12\/0000-45-768x1083.jpg 768w, https:\/\/elmetidosv.com\/wp-content\/uploads\/2021\/12\/0000-45.jpg 1079w\" sizes=\"auto, (max-width: 213px) 100vw, 213px\" \/> <img loading=\"lazy\" decoding=\"async\" class=\"alignnone size-medium wp-image-17834\" src=\"http:\/\/elmetidosve.com\/wp-content\/uploads\/2021\/12\/000-14-236x300.jpg\" alt=\"\" width=\"236\" height=\"300\" srcset=\"https:\/\/elmetidosv.com\/wp-content\/uploads\/2021\/12\/000-14-236x300.jpg 236w, https:\/\/elmetidosv.com\/wp-content\/uploads\/2021\/12\/000-14-806x1024.jpg 806w, https:\/\/elmetidosv.com\/wp-content\/uploads\/2021\/12\/000-14-768x975.jpg 768w, https:\/\/elmetidosv.com\/wp-content\/uploads\/2021\/12\/000-14.jpg 863w\" sizes=\"auto, (max-width: 236px) 100vw, 236px\" \/> <img loading=\"lazy\" decoding=\"async\" class=\"alignnone size-medium wp-image-17835\" src=\"http:\/\/elmetidosve.com\/wp-content\/uploads\/2021\/12\/000-15-300x232.jpg\" alt=\"\" width=\"300\" height=\"232\" srcset=\"https:\/\/elmetidosv.com\/wp-content\/uploads\/2021\/12\/000-15-300x232.jpg 300w, https:\/\/elmetidosv.com\/wp-content\/uploads\/2021\/12\/000-15.jpg 488w\" sizes=\"auto, (max-width: 300px) 100vw, 300px\" \/><\/p>\n<p>Dos delincuentes de la Mara Salvatrucha (MS-13) fueron capturados cuando transportaban un fusil y una granada, inform\u00f3 la Polic\u00eda Nacional Civil (PNC), la ma\u00f1ana del viernes.<\/p>\n<p>La PNC dijo que los mareros fueron arrestados en flagrancia, en el municipio de Santa Tecla, del departamento de La Libertad.<\/p>\n<p>Autoridades identificaron a los delincuentes como Carlos Eduardo Orellana, alias \u2018Black\u2019; y David Eliseo Mora, alias \u2018Diablo\u2019, quienes fueron detenidos tras un seguimiento de agentes de la unidad antiextorsiones.<\/p>\n<p>Seg\u00fan el reporte, a los mareros les incautaron un fusil AK47, una granada fragmentaria, dos pistolas y 60 libras de marihuana.<\/p>\n<p>\u201cCon este procedimiento damos un duro golpe a la estructura terrorista que opera en la cabecera departamental de La Libertad. Ser\u00e1n acusados por los delitos de tenencia de armas de guerra, tr\u00e1fico de drogas, entre otros\u201d, explic\u00f3 la Polic\u00eda.<\/p>\n","protected":false},"excerpt":{"rendered":"<p>Dos delincuentes de la Mara Salvatrucha (MS-13) fueron capturados cuando transportaban un fusil y una granada, inform\u00f3 la Polic\u00eda Nacional<\/p>\n","protected":false},"author":2,"featured_media":17833,"comment_status":"open","ping_status":"open","sticky":false,"template":"","format":"standard","meta":{"colormag_page_container_layout":"default_layout","colormag_page_sidebar_layout":"default_layout","footnotes":""},"categories":[1],"tags":[],"class_list":["post-17832","post","type-post","status-publish","format-standard","has-post-thumbnail","hentry","category-nacional"],"_links":{"self":[{"href":"https:\/\/elmetidosv.com\/index.php?rest_route=\/wp\/v2\/posts\/17832","targetHints":{"allow":["GET"]}}],"collection":[{"href":"https:\/\/elmetidosv.com\/index.php?rest_route=\/wp\/v2\/posts"}],"about":[{"href":"https:\/\/elmetidosv.com\/index.php?rest_route=\/wp\/v2\/types\/post"}],"author":[{"embeddable":true,"href":"https:\/\/elmetidosv.com\/index.php?rest_route=\/wp\/v2\/users\/2"}],"replies":[{"embeddable":true,"href":"https:\/\/elmetidosv.com\/index.php?rest_route=%2Fwp%2Fv2%2Fcomments&post=17832"}],"version-history":[{"count":2,"href":"https:\/\/elmetidosv.com\/index.php?rest_route=\/wp\/v2\/posts\/17832\/revisions"}],"predecessor-version":[{"id":17841,"href":"https:\/\/elmetidosv.com\/index.php?rest_route=\/wp\/v2\/posts\/17832\/revisions\/17841"}],"wp:featuredmedia":[{"embeddable":true,"href":"https:\/\/elmetidosv.com\/index.php?rest_route=\/wp\/v2\/media\/17833"}],"wp:attachment":[{"href":"https:\/\/elmetidosv.com\/index.php?rest_route=%2Fwp%2Fv2%2Fmedia&parent=17832"}],"wp:term":[{"taxonomy":"category","embeddable":true,"href":"https:\/\/elmetidosv.com\/index.php?rest_route=%2Fwp%2Fv2%2Fcategories&post=17832"},{"taxonomy":"post_tag","embeddable":true,"href":"https:\/\/elmetidosv.com\/index.php?rest_route=%2Fwp%2Fv2%2Ftags&post=17832"}],"curies":[{"name":"wp","href":"https:\/\/api.w.org\/{rel}","templated":true}]}}