{"id":17797,"date":"2021-12-08T14:29:20","date_gmt":"2021-12-08T20:29:20","guid":{"rendered":"http:\/\/elmetidosve.com\/?p=17797"},"modified":"2021-12-08T14:29:20","modified_gmt":"2021-12-08T20:29:20","slug":"seis-lesionados-luego-que-bus-chocara-contra-camion-en-carretera-a-santa-ana","status":"publish","type":"post","link":"https:\/\/elmetidosv.com\/?p=17797","title":{"rendered":"Seis lesionados luego que bus chocara contra cami\u00f3n en carretera a Santa Ana"},"content":{"rendered":"<p><img loading=\"lazy\" decoding=\"async\" class=\"alignnone size-medium wp-image-17798\" src=\"http:\/\/elmetidosve.com\/wp-content\/uploads\/2021\/12\/0000-39-225x300.jpg\" alt=\"\" width=\"225\" height=\"300\" srcset=\"https:\/\/elmetidosv.com\/wp-content\/uploads\/2021\/12\/0000-39-225x300.jpg 225w, https:\/\/elmetidosv.com\/wp-content\/uploads\/2021\/12\/0000-39-768x1024.jpg 768w, https:\/\/elmetidosv.com\/wp-content\/uploads\/2021\/12\/0000-39.jpg 960w\" sizes=\"auto, (max-width: 225px) 100vw, 225px\" \/> <img loading=\"lazy\" decoding=\"async\" class=\"alignnone size-medium wp-image-17799\" src=\"http:\/\/elmetidosve.com\/wp-content\/uploads\/2021\/12\/000-9-225x300.jpg\" alt=\"\" width=\"225\" height=\"300\" srcset=\"https:\/\/elmetidosv.com\/wp-content\/uploads\/2021\/12\/000-9-225x300.jpg 225w, https:\/\/elmetidosv.com\/wp-content\/uploads\/2021\/12\/000-9.jpg 720w\" sizes=\"auto, (max-width: 225px) 100vw, 225px\" \/><\/p>\n<p>Al menos seis personas resultaron gravemente lesionadas, este mi\u00e9rcoles, luego que un bus del transporte colectivo chocara contra un cami\u00f3n de volteo en el kil\u00f3metro 48 \u00bd de la carretera que de San Salvador conduce a Santa Ana, en la jurisdicci\u00f3n de El Congo.<\/p>\n<p>Los lesionados fueron atendidos en el lugar por elementos de Comandos de Salvamento y algunos tuvieron que ser trasladados hacia un centro asistencial.<\/p>\n<p>De acuerdo con la informaci\u00f3n, el cami\u00f3n de volteo impact\u00f3 contra la parte frontal del bus, cuando el bus intentaba sobrepasar.<\/p>\n<p>Actualmente, las autoridades de la Polic\u00eda Nacional Civil (PNC) se encuentran investigando los hechos para deducir sobre qui\u00e9n recae la responsabilidad del fuerte choque.<\/p>\n","protected":false},"excerpt":{"rendered":"<p>Al menos seis personas resultaron gravemente lesionadas, este mi\u00e9rcoles, luego que un bus del transporte colectivo chocara contra un cami\u00f3n<\/p>\n","protected":false},"author":2,"featured_media":17799,"comment_status":"open","ping_status":"open","sticky":false,"template":"","format":"standard","meta":{"colormag_page_container_layout":"default_layout","colormag_page_sidebar_layout":"default_layout","footnotes":""},"categories":[1],"tags":[],"class_list":["post-17797","post","type-post","status-publish","format-standard","has-post-thumbnail","hentry","category-nacional"],"_links":{"self":[{"href":"https:\/\/elmetidosv.com\/index.php?rest_route=\/wp\/v2\/posts\/17797","targetHints":{"allow":["GET"]}}],"collection":[{"href":"https:\/\/elmetidosv.com\/index.php?rest_route=\/wp\/v2\/posts"}],"about":[{"href":"https:\/\/elmetidosv.com\/index.php?rest_route=\/wp\/v2\/types\/post"}],"author":[{"embeddable":true,"href":"https:\/\/elmetidosv.com\/index.php?rest_route=\/wp\/v2\/users\/2"}],"replies":[{"embeddable":true,"href":"https:\/\/elmetidosv.com\/index.php?rest_route=%2Fwp%2Fv2%2Fcomments&post=17797"}],"version-history":[{"count":1,"href":"https:\/\/elmetidosv.com\/index.php?rest_route=\/wp\/v2\/posts\/17797\/revisions"}],"predecessor-version":[{"id":17800,"href":"https:\/\/elmetidosv.com\/index.php?rest_route=\/wp\/v2\/posts\/17797\/revisions\/17800"}],"wp:featuredmedia":[{"embeddable":true,"href":"https:\/\/elmetidosv.com\/index.php?rest_route=\/wp\/v2\/media\/17799"}],"wp:attachment":[{"href":"https:\/\/elmetidosv.com\/index.php?rest_route=%2Fwp%2Fv2%2Fmedia&parent=17797"}],"wp:term":[{"taxonomy":"category","embeddable":true,"href":"https:\/\/elmetidosv.com\/index.php?rest_route=%2Fwp%2Fv2%2Fcategories&post=17797"},{"taxonomy":"post_tag","embeddable":true,"href":"https:\/\/elmetidosv.com\/index.php?rest_route=%2Fwp%2Fv2%2Ftags&post=17797"}],"curies":[{"name":"wp","href":"https:\/\/api.w.org\/{rel}","templated":true}]}}