{"id":17794,"date":"2021-12-08T14:19:18","date_gmt":"2021-12-08T20:19:18","guid":{"rendered":"http:\/\/elmetidosve.com\/?p=17794"},"modified":"2021-12-08T14:19:18","modified_gmt":"2021-12-08T20:19:18","slug":"fuerte-accidente-en-carretera-comalapa","status":"publish","type":"post","link":"https:\/\/elmetidosv.com\/?p=17794","title":{"rendered":"Fuerte accidente en carretera Comalapa"},"content":{"rendered":"<p>Un fuerte accidente de tr\u00e1nsito se registr\u00f3 este mediod\u00eda sobre el kil\u00f3metro 15 de la carretera Comalapa, en el carril que del aeropuerto conduce hacia San Salvador.<\/p>\n<p>De acuerdo con reportes sobre este percance vial, el conductor de un veh\u00edculo particular tipo sed\u00e1n perdi\u00f3 el control y colision\u00f3 contra un poste del tendido el\u00e9ctrico.<\/p>\n<p>Al lugar se hicieron presentes agentes de la Polic\u00eda Nacional Civil (PNC) para verificar si en el accidente no hab\u00eda otro veh\u00edculo involucrado.<\/p>\n<p>Adem\u00e1s, el paso vehicular se mantuvo cerrado en la zona debido a que el veh\u00edculo obstaculizaba parte de la v\u00eda.<\/p>\n<p>Al cierre de esta nota, las autoridades no reportaron personas lesionadas, solo da\u00f1os materias. Asimismo, no se ha conocido si el conductor circulaba bajo los efectos de bebidas embriagantes.<\/p>\n","protected":false},"excerpt":{"rendered":"<p>Un fuerte accidente de tr\u00e1nsito se registr\u00f3 este mediod\u00eda sobre el kil\u00f3metro 15 de la carretera Comalapa, en el carril<\/p>\n","protected":false},"author":2,"featured_media":17795,"comment_status":"open","ping_status":"open","sticky":false,"template":"","format":"standard","meta":{"colormag_page_container_layout":"default_layout","colormag_page_sidebar_layout":"default_layout","footnotes":""},"categories":[1],"tags":[],"class_list":["post-17794","post","type-post","status-publish","format-standard","has-post-thumbnail","hentry","category-nacional"],"_links":{"self":[{"href":"https:\/\/elmetidosv.com\/index.php?rest_route=\/wp\/v2\/posts\/17794","targetHints":{"allow":["GET"]}}],"collection":[{"href":"https:\/\/elmetidosv.com\/index.php?rest_route=\/wp\/v2\/posts"}],"about":[{"href":"https:\/\/elmetidosv.com\/index.php?rest_route=\/wp\/v2\/types\/post"}],"author":[{"embeddable":true,"href":"https:\/\/elmetidosv.com\/index.php?rest_route=\/wp\/v2\/users\/2"}],"replies":[{"embeddable":true,"href":"https:\/\/elmetidosv.com\/index.php?rest_route=%2Fwp%2Fv2%2Fcomments&post=17794"}],"version-history":[{"count":1,"href":"https:\/\/elmetidosv.com\/index.php?rest_route=\/wp\/v2\/posts\/17794\/revisions"}],"predecessor-version":[{"id":17796,"href":"https:\/\/elmetidosv.com\/index.php?rest_route=\/wp\/v2\/posts\/17794\/revisions\/17796"}],"wp:featuredmedia":[{"embeddable":true,"href":"https:\/\/elmetidosv.com\/index.php?rest_route=\/wp\/v2\/media\/17795"}],"wp:attachment":[{"href":"https:\/\/elmetidosv.com\/index.php?rest_route=%2Fwp%2Fv2%2Fmedia&parent=17794"}],"wp:term":[{"taxonomy":"category","embeddable":true,"href":"https:\/\/elmetidosv.com\/index.php?rest_route=%2Fwp%2Fv2%2Fcategories&post=17794"},{"taxonomy":"post_tag","embeddable":true,"href":"https:\/\/elmetidosv.com\/index.php?rest_route=%2Fwp%2Fv2%2Ftags&post=17794"}],"curies":[{"name":"wp","href":"https:\/\/api.w.org\/{rel}","templated":true}]}}