{"id":17754,"date":"2021-12-07T12:55:45","date_gmt":"2021-12-07T18:55:45","guid":{"rendered":"http:\/\/elmetidosve.com\/?p=17754"},"modified":"2021-12-07T12:55:45","modified_gmt":"2021-12-07T18:55:45","slug":"vehiculo-volcado-en-carretera-hacia-sensuntepeque","status":"publish","type":"post","link":"https:\/\/elmetidosv.com\/?p=17754","title":{"rendered":"Veh\u00edculo volcado en carretera hacia Sensuntepeque"},"content":{"rendered":"<p>Un veh\u00edculo termin\u00f3 volcado, esta ma\u00f1ana, luego de que el conductor perdiera el control sobre la carretera que conduce hacia Sensuntepeque, Caba\u00f1as, cerca del r\u00edo las Ca\u00f1as, de acuerdo con reportes ciudadanos.<\/p>\n<p>Al lugar del accidente se han hecho presentes socorristas de la Cruz Roja Salvadore\u00f1a (CRS) para verificar los da\u00f1os y auxiliar a posibles lesionados.<\/p>\n<p>De momento no se han brindado las causas principales que originaron el percance vial, por lo que se espera de que la Polic\u00eda Nacional Civil (PNC) realice las respectivas investigaciones.<\/p>\n<p>La PNC hace el llamado a los conductores a manejar los l\u00edmites establecidos en las carreteras para no provocar accidentes de tr\u00e1nsito.<\/p>\n","protected":false},"excerpt":{"rendered":"<p>Un veh\u00edculo termin\u00f3 volcado, esta ma\u00f1ana, luego de que el conductor perdiera el control sobre la carretera que conduce hacia<\/p>\n","protected":false},"author":2,"featured_media":17755,"comment_status":"open","ping_status":"open","sticky":false,"template":"","format":"standard","meta":{"colormag_page_container_layout":"default_layout","colormag_page_sidebar_layout":"default_layout","footnotes":""},"categories":[1],"tags":[],"class_list":["post-17754","post","type-post","status-publish","format-standard","has-post-thumbnail","hentry","category-nacional"],"_links":{"self":[{"href":"https:\/\/elmetidosv.com\/index.php?rest_route=\/wp\/v2\/posts\/17754","targetHints":{"allow":["GET"]}}],"collection":[{"href":"https:\/\/elmetidosv.com\/index.php?rest_route=\/wp\/v2\/posts"}],"about":[{"href":"https:\/\/elmetidosv.com\/index.php?rest_route=\/wp\/v2\/types\/post"}],"author":[{"embeddable":true,"href":"https:\/\/elmetidosv.com\/index.php?rest_route=\/wp\/v2\/users\/2"}],"replies":[{"embeddable":true,"href":"https:\/\/elmetidosv.com\/index.php?rest_route=%2Fwp%2Fv2%2Fcomments&post=17754"}],"version-history":[{"count":1,"href":"https:\/\/elmetidosv.com\/index.php?rest_route=\/wp\/v2\/posts\/17754\/revisions"}],"predecessor-version":[{"id":17756,"href":"https:\/\/elmetidosv.com\/index.php?rest_route=\/wp\/v2\/posts\/17754\/revisions\/17756"}],"wp:featuredmedia":[{"embeddable":true,"href":"https:\/\/elmetidosv.com\/index.php?rest_route=\/wp\/v2\/media\/17755"}],"wp:attachment":[{"href":"https:\/\/elmetidosv.com\/index.php?rest_route=%2Fwp%2Fv2%2Fmedia&parent=17754"}],"wp:term":[{"taxonomy":"category","embeddable":true,"href":"https:\/\/elmetidosv.com\/index.php?rest_route=%2Fwp%2Fv2%2Fcategories&post=17754"},{"taxonomy":"post_tag","embeddable":true,"href":"https:\/\/elmetidosv.com\/index.php?rest_route=%2Fwp%2Fv2%2Ftags&post=17754"}],"curies":[{"name":"wp","href":"https:\/\/api.w.org\/{rel}","templated":true}]}}