{"id":17270,"date":"2021-10-11T17:36:41","date_gmt":"2021-10-11T23:36:41","guid":{"rendered":"http:\/\/elmetidosve.com\/?p=17270"},"modified":"2021-10-11T17:36:41","modified_gmt":"2021-10-11T23:36:41","slug":"este-dia-se-preve-el-ingreso-al-territorio-nacional-de-los-polvos-del-sahara","status":"publish","type":"post","link":"https:\/\/elmetidosv.com\/?p=17270","title":{"rendered":"Este d\u00eda se prev\u00e9 el ingreso al territorio nacional de los polvos del Sahara"},"content":{"rendered":"<p><img loading=\"lazy\" decoding=\"async\" class=\" wp-image-17271 aligncenter\" src=\"http:\/\/elmetidosve.com\/wp-content\/uploads\/2021\/10\/0000-25-300x185.jpg\" alt=\"\" width=\"334\" height=\"206\" srcset=\"https:\/\/elmetidosv.com\/wp-content\/uploads\/2021\/10\/0000-25-300x185.jpg 300w, https:\/\/elmetidosv.com\/wp-content\/uploads\/2021\/10\/0000-25.jpg 602w\" sizes=\"auto, (max-width: 334px) 100vw, 334px\" \/><\/p>\n<p>El Ministerio de Medio Ambiente y Recursos Naturales (MARN) anuncia que este d\u00eda se prev\u00e9 el ingreso al territorio nacional de los polvos del Sahara.<\/p>\n<p>Se tiene previsto que el fen\u00f3meno siga influenciando el pa\u00eds con el ingreso de material particulado, durante toda la semana.<\/p>\n<p>La cartera medioambiental detalla que en esta ocasi\u00f3n, las concentraciones de material se mantendr\u00e1n bajas.<\/p>\n<p>Se proyecta que el ingreso de material particulado sea en el rango de 1-25 microgramos por metro c\u00fabico, \u00b5g\/m3.<\/p>\n<p>\u201cPara El Salvador, la norma vigente establece que el l\u00edmite m\u00e1ximo para las part\u00edculas totales suspendidas es de 260 \u00b5g\/m3 para 24 horas\u201d, agrega Medio Ambiente.<\/p>\n","protected":false},"excerpt":{"rendered":"<p>El Ministerio de Medio Ambiente y Recursos Naturales (MARN) anuncia que este d\u00eda se prev\u00e9 el ingreso al territorio nacional<\/p>\n","protected":false},"author":2,"featured_media":17272,"comment_status":"open","ping_status":"open","sticky":false,"template":"","format":"standard","meta":{"colormag_page_container_layout":"default_layout","colormag_page_sidebar_layout":"default_layout","footnotes":""},"categories":[1],"tags":[],"class_list":["post-17270","post","type-post","status-publish","format-standard","has-post-thumbnail","hentry","category-nacional"],"_links":{"self":[{"href":"https:\/\/elmetidosv.com\/index.php?rest_route=\/wp\/v2\/posts\/17270","targetHints":{"allow":["GET"]}}],"collection":[{"href":"https:\/\/elmetidosv.com\/index.php?rest_route=\/wp\/v2\/posts"}],"about":[{"href":"https:\/\/elmetidosv.com\/index.php?rest_route=\/wp\/v2\/types\/post"}],"author":[{"embeddable":true,"href":"https:\/\/elmetidosv.com\/index.php?rest_route=\/wp\/v2\/users\/2"}],"replies":[{"embeddable":true,"href":"https:\/\/elmetidosv.com\/index.php?rest_route=%2Fwp%2Fv2%2Fcomments&post=17270"}],"version-history":[{"count":1,"href":"https:\/\/elmetidosv.com\/index.php?rest_route=\/wp\/v2\/posts\/17270\/revisions"}],"predecessor-version":[{"id":17273,"href":"https:\/\/elmetidosv.com\/index.php?rest_route=\/wp\/v2\/posts\/17270\/revisions\/17273"}],"wp:featuredmedia":[{"embeddable":true,"href":"https:\/\/elmetidosv.com\/index.php?rest_route=\/wp\/v2\/media\/17272"}],"wp:attachment":[{"href":"https:\/\/elmetidosv.com\/index.php?rest_route=%2Fwp%2Fv2%2Fmedia&parent=17270"}],"wp:term":[{"taxonomy":"category","embeddable":true,"href":"https:\/\/elmetidosv.com\/index.php?rest_route=%2Fwp%2Fv2%2Fcategories&post=17270"},{"taxonomy":"post_tag","embeddable":true,"href":"https:\/\/elmetidosv.com\/index.php?rest_route=%2Fwp%2Fv2%2Ftags&post=17270"}],"curies":[{"name":"wp","href":"https:\/\/api.w.org\/{rel}","templated":true}]}}