{"id":17266,"date":"2021-10-11T17:12:26","date_gmt":"2021-10-11T23:12:26","guid":{"rendered":"http:\/\/elmetidosve.com\/?p=17266"},"modified":"2021-10-11T17:12:26","modified_gmt":"2021-10-11T23:12:26","slug":"capturan-a-sujeto-que-circulaba-con-varias-porciones-de-cocaina-en-san-miguel","status":"publish","type":"post","link":"https:\/\/elmetidosv.com\/?p=17266","title":{"rendered":"Capturan a sujeto que circulaba con varias porciones de coca\u00edna en San Miguel"},"content":{"rendered":"<p><img loading=\"lazy\" decoding=\"async\" class=\"alignnone size-medium wp-image-17267\" src=\"http:\/\/elmetidosve.com\/wp-content\/uploads\/2021\/10\/0000-24-253x300.jpg\" alt=\"\" width=\"253\" height=\"300\" srcset=\"https:\/\/elmetidosv.com\/wp-content\/uploads\/2021\/10\/0000-24-253x300.jpg 253w, https:\/\/elmetidosv.com\/wp-content\/uploads\/2021\/10\/0000-24.jpg 303w\" sizes=\"auto, (max-width: 253px) 100vw, 253px\" \/> <img loading=\"lazy\" decoding=\"async\" class=\"alignnone size-medium wp-image-17268\" src=\"http:\/\/elmetidosve.com\/wp-content\/uploads\/2021\/10\/000-27-300x218.jpg\" alt=\"\" width=\"300\" height=\"218\" srcset=\"https:\/\/elmetidosv.com\/wp-content\/uploads\/2021\/10\/000-27-300x218.jpg 300w, https:\/\/elmetidosv.com\/wp-content\/uploads\/2021\/10\/000-27.jpg 680w\" sizes=\"auto, (max-width: 300px) 100vw, 300px\" \/><\/p>\n<p>La Polic\u00eda Nacional Civil (PNC) informa que, este lunes, procedi\u00f3 a la captura de un sujeto acusado por el delito de posesi\u00f3n y tenencia de droga en el departamento de San Miguel.<\/p>\n<p>El informe oficial indica en el procedimiento a Nelson Edgardo Reyes, se le incaut\u00f3 porciones peque\u00f1as de coca\u00edna, por lo que fue arrestado y puesto a las autoridades judiciales correspondientes.<\/p>\n<p>La detenci\u00f3n se llev\u00f3 a cabo en colonia San Carlos, en dicho departamento, en el marco de las tareas de seguridad p\u00fablica que se ejecutan en el Plan Control Territorial.<\/p>\n","protected":false},"excerpt":{"rendered":"<p>La Polic\u00eda Nacional Civil (PNC) informa que, este lunes, procedi\u00f3 a la captura de un sujeto acusado por el delito<\/p>\n","protected":false},"author":2,"featured_media":17267,"comment_status":"open","ping_status":"open","sticky":false,"template":"","format":"standard","meta":{"colormag_page_container_layout":"default_layout","colormag_page_sidebar_layout":"default_layout","footnotes":""},"categories":[1],"tags":[],"class_list":["post-17266","post","type-post","status-publish","format-standard","has-post-thumbnail","hentry","category-nacional"],"_links":{"self":[{"href":"https:\/\/elmetidosv.com\/index.php?rest_route=\/wp\/v2\/posts\/17266","targetHints":{"allow":["GET"]}}],"collection":[{"href":"https:\/\/elmetidosv.com\/index.php?rest_route=\/wp\/v2\/posts"}],"about":[{"href":"https:\/\/elmetidosv.com\/index.php?rest_route=\/wp\/v2\/types\/post"}],"author":[{"embeddable":true,"href":"https:\/\/elmetidosv.com\/index.php?rest_route=\/wp\/v2\/users\/2"}],"replies":[{"embeddable":true,"href":"https:\/\/elmetidosv.com\/index.php?rest_route=%2Fwp%2Fv2%2Fcomments&post=17266"}],"version-history":[{"count":1,"href":"https:\/\/elmetidosv.com\/index.php?rest_route=\/wp\/v2\/posts\/17266\/revisions"}],"predecessor-version":[{"id":17269,"href":"https:\/\/elmetidosv.com\/index.php?rest_route=\/wp\/v2\/posts\/17266\/revisions\/17269"}],"wp:featuredmedia":[{"embeddable":true,"href":"https:\/\/elmetidosv.com\/index.php?rest_route=\/wp\/v2\/media\/17267"}],"wp:attachment":[{"href":"https:\/\/elmetidosv.com\/index.php?rest_route=%2Fwp%2Fv2%2Fmedia&parent=17266"}],"wp:term":[{"taxonomy":"category","embeddable":true,"href":"https:\/\/elmetidosv.com\/index.php?rest_route=%2Fwp%2Fv2%2Fcategories&post=17266"},{"taxonomy":"post_tag","embeddable":true,"href":"https:\/\/elmetidosv.com\/index.php?rest_route=%2Fwp%2Fv2%2Ftags&post=17266"}],"curies":[{"name":"wp","href":"https:\/\/api.w.org\/{rel}","templated":true}]}}