{"id":17240,"date":"2021-10-10T12:56:27","date_gmt":"2021-10-10T18:56:27","guid":{"rendered":"http:\/\/elmetidosve.com\/?p=17240"},"modified":"2021-10-10T12:56:27","modified_gmt":"2021-10-10T18:56:27","slug":"mortal-accidente-en-sonsonate","status":"publish","type":"post","link":"https:\/\/elmetidosv.com\/?p=17240","title":{"rendered":"MORTAL ACCIDENTE EN #SONSONATE."},"content":{"rendered":"<p>&nbsp;<\/p>\n<p>Una persona fallecida identifica como Walter Antonio Soriano Campos de 23 a\u00f1os, fue el resultado de un accidente registrado en el kil\u00f3metro 77 de la carretera que de Sonsonate conduce a Acajutla.<\/p>\n<p><img loading=\"lazy\" decoding=\"async\" class=\" wp-image-17241 aligncenter\" src=\"http:\/\/elmetidosve.com\/wp-content\/uploads\/2021\/10\/0000000-300x138.jpg\" alt=\"\" width=\"643\" height=\"296\" srcset=\"https:\/\/elmetidosv.com\/wp-content\/uploads\/2021\/10\/0000000-300x138.jpg 300w, https:\/\/elmetidosv.com\/wp-content\/uploads\/2021\/10\/0000000-1024x473.jpg 1024w, https:\/\/elmetidosv.com\/wp-content\/uploads\/2021\/10\/0000000-768x354.jpg 768w, https:\/\/elmetidosv.com\/wp-content\/uploads\/2021\/10\/0000000.jpg 1040w\" sizes=\"auto, (max-width: 643px) 100vw, 643px\" \/><\/p>\n<p>El conductor ahora fallecido choc\u00f3 con la parte trasera de una rastra que estaba estacionada; el Cuerpo de Bomberos recuper\u00f3 el cad\u00e1ver de la v\u00edctima quien seg\u00fan versi\u00f3n preliminar manejaba a excesiva velocidad.<\/p>\n<p>&nbsp;<\/p>\n","protected":false},"excerpt":{"rendered":"<p>&nbsp; Una persona fallecida identifica como Walter Antonio Soriano Campos de 23 a\u00f1os, fue el resultado de un accidente registrado<\/p>\n","protected":false},"author":1,"featured_media":17242,"comment_status":"open","ping_status":"open","sticky":false,"template":"","format":"standard","meta":{"colormag_page_container_layout":"default_layout","colormag_page_sidebar_layout":"default_layout","footnotes":""},"categories":[1],"tags":[],"class_list":["post-17240","post","type-post","status-publish","format-standard","has-post-thumbnail","hentry","category-nacional"],"_links":{"self":[{"href":"https:\/\/elmetidosv.com\/index.php?rest_route=\/wp\/v2\/posts\/17240","targetHints":{"allow":["GET"]}}],"collection":[{"href":"https:\/\/elmetidosv.com\/index.php?rest_route=\/wp\/v2\/posts"}],"about":[{"href":"https:\/\/elmetidosv.com\/index.php?rest_route=\/wp\/v2\/types\/post"}],"author":[{"embeddable":true,"href":"https:\/\/elmetidosv.com\/index.php?rest_route=\/wp\/v2\/users\/1"}],"replies":[{"embeddable":true,"href":"https:\/\/elmetidosv.com\/index.php?rest_route=%2Fwp%2Fv2%2Fcomments&post=17240"}],"version-history":[{"count":1,"href":"https:\/\/elmetidosv.com\/index.php?rest_route=\/wp\/v2\/posts\/17240\/revisions"}],"predecessor-version":[{"id":17243,"href":"https:\/\/elmetidosv.com\/index.php?rest_route=\/wp\/v2\/posts\/17240\/revisions\/17243"}],"wp:featuredmedia":[{"embeddable":true,"href":"https:\/\/elmetidosv.com\/index.php?rest_route=\/wp\/v2\/media\/17242"}],"wp:attachment":[{"href":"https:\/\/elmetidosv.com\/index.php?rest_route=%2Fwp%2Fv2%2Fmedia&parent=17240"}],"wp:term":[{"taxonomy":"category","embeddable":true,"href":"https:\/\/elmetidosv.com\/index.php?rest_route=%2Fwp%2Fv2%2Fcategories&post=17240"},{"taxonomy":"post_tag","embeddable":true,"href":"https:\/\/elmetidosv.com\/index.php?rest_route=%2Fwp%2Fv2%2Ftags&post=17240"}],"curies":[{"name":"wp","href":"https:\/\/api.w.org\/{rel}","templated":true}]}}