{"id":17133,"date":"2021-10-01T16:14:07","date_gmt":"2021-10-01T22:14:07","guid":{"rendered":"http:\/\/elmetidosve.com\/?p=17133"},"modified":"2021-10-01T16:14:07","modified_gmt":"2021-10-01T22:14:07","slug":"fgr-desarticula-estructura-dedicada-a-la-distribucion-de-pornografia-infantil","status":"publish","type":"post","link":"https:\/\/elmetidosv.com\/?p=17133","title":{"rendered":"FGR desarticula estructura dedicada a la distribuci\u00f3n de pornograf\u00eda infantil"},"content":{"rendered":"<p><img loading=\"lazy\" decoding=\"async\" class=\"alignnone size-medium wp-image-17134\" src=\"http:\/\/elmetidosve.com\/wp-content\/uploads\/2021\/10\/0000-2-300x225.jpg\" alt=\"\" width=\"300\" height=\"225\" srcset=\"https:\/\/elmetidosv.com\/wp-content\/uploads\/2021\/10\/0000-2-300x225.jpg 300w, https:\/\/elmetidosv.com\/wp-content\/uploads\/2021\/10\/0000-2.jpg 680w\" sizes=\"auto, (max-width: 300px) 100vw, 300px\" \/> <img loading=\"lazy\" decoding=\"async\" class=\"alignnone size-medium wp-image-17135\" src=\"http:\/\/elmetidosve.com\/wp-content\/uploads\/2021\/10\/000-1-300x225.jpg\" alt=\"\" width=\"300\" height=\"225\" srcset=\"https:\/\/elmetidosv.com\/wp-content\/uploads\/2021\/10\/000-1-300x225.jpg 300w, https:\/\/elmetidosv.com\/wp-content\/uploads\/2021\/10\/000-1.jpg 360w\" sizes=\"auto, (max-width: 300px) 100vw, 300px\" \/><\/p>\n<p>La Fiscal\u00eda General de la Rep\u00fablica (FGR) junto con la Polic\u00eda Nacional Civil (PNC) ha desarticulado una estructura dedicada a la distribuci\u00f3n de material \u00edntimo de ni\u00f1os.<\/p>\n<p>El jefe de la sede fiscal en Zaragoza, Henry Guti\u00e9rrez, ha catalogado la operaci\u00f3n como \u201cun hecho sin precedente en la historia reciente de nuestro pa\u00eds\u201d.<\/p>\n<p>Las detenciones se han ejecutado en los departamentos de La Libertad, San Salvador, Caba\u00f1as, Usulut\u00e1n, San Miguel, La Uni\u00f3n, Sonsonate, Santa Ana, Ahuachap\u00e1n y La Paz.<\/p>\n<p>Esta investigaci\u00f3n ha dado inicio en el a\u00f1o 2018 cuando se recibi\u00f3 una denuncia, y es de esa manera que se comienza a indagar junto con la PNC.<\/p>\n<p>A la fecha ya estaban detenidos Javier Alfredo Iraheta L\u00f3pez perfilado como creador y administrador de la red y Miguel Antonio Bernal P\u00e9rez.<\/p>\n<p>El primero ha sido detenido el 25 de mayo de 2018 y el segundo el 25 de septiembre de 2020, ambos son considerados como los cabecillas de la estructura.<\/p>\n","protected":false},"excerpt":{"rendered":"<p>La Fiscal\u00eda General de la Rep\u00fablica (FGR) junto con la Polic\u00eda Nacional Civil (PNC) ha desarticulado una estructura dedicada a<\/p>\n","protected":false},"author":2,"featured_media":17134,"comment_status":"open","ping_status":"open","sticky":false,"template":"","format":"standard","meta":{"colormag_page_container_layout":"default_layout","colormag_page_sidebar_layout":"default_layout","footnotes":""},"categories":[1],"tags":[],"class_list":["post-17133","post","type-post","status-publish","format-standard","has-post-thumbnail","hentry","category-nacional"],"_links":{"self":[{"href":"https:\/\/elmetidosv.com\/index.php?rest_route=\/wp\/v2\/posts\/17133","targetHints":{"allow":["GET"]}}],"collection":[{"href":"https:\/\/elmetidosv.com\/index.php?rest_route=\/wp\/v2\/posts"}],"about":[{"href":"https:\/\/elmetidosv.com\/index.php?rest_route=\/wp\/v2\/types\/post"}],"author":[{"embeddable":true,"href":"https:\/\/elmetidosv.com\/index.php?rest_route=\/wp\/v2\/users\/2"}],"replies":[{"embeddable":true,"href":"https:\/\/elmetidosv.com\/index.php?rest_route=%2Fwp%2Fv2%2Fcomments&post=17133"}],"version-history":[{"count":1,"href":"https:\/\/elmetidosv.com\/index.php?rest_route=\/wp\/v2\/posts\/17133\/revisions"}],"predecessor-version":[{"id":17136,"href":"https:\/\/elmetidosv.com\/index.php?rest_route=\/wp\/v2\/posts\/17133\/revisions\/17136"}],"wp:featuredmedia":[{"embeddable":true,"href":"https:\/\/elmetidosv.com\/index.php?rest_route=\/wp\/v2\/media\/17134"}],"wp:attachment":[{"href":"https:\/\/elmetidosv.com\/index.php?rest_route=%2Fwp%2Fv2%2Fmedia&parent=17133"}],"wp:term":[{"taxonomy":"category","embeddable":true,"href":"https:\/\/elmetidosv.com\/index.php?rest_route=%2Fwp%2Fv2%2Fcategories&post=17133"},{"taxonomy":"post_tag","embeddable":true,"href":"https:\/\/elmetidosv.com\/index.php?rest_route=%2Fwp%2Fv2%2Ftags&post=17133"}],"curies":[{"name":"wp","href":"https:\/\/api.w.org\/{rel}","templated":true}]}}