{"id":17119,"date":"2021-09-30T19:24:35","date_gmt":"2021-10-01T01:24:35","guid":{"rendered":"http:\/\/elmetidosve.com\/?p=17119"},"modified":"2021-09-30T19:24:35","modified_gmt":"2021-10-01T01:24:35","slug":"capturan-a-sujeto-por-el-delito-de-tenencia-ilegal-de-arma-en-la-libertad","status":"publish","type":"post","link":"https:\/\/elmetidosv.com\/?p=17119","title":{"rendered":"Capturan a sujeto por el delito de tenencia ilegal de arma en La Libertad"},"content":{"rendered":"<p><img loading=\"lazy\" decoding=\"async\" class=\"alignnone size-medium wp-image-17120\" src=\"http:\/\/elmetidosve.com\/wp-content\/uploads\/2021\/09\/0000-38-225x300.jpg\" alt=\"\" width=\"225\" height=\"300\" srcset=\"https:\/\/elmetidosv.com\/wp-content\/uploads\/2021\/09\/0000-38-225x300.jpg 225w, https:\/\/elmetidosv.com\/wp-content\/uploads\/2021\/09\/0000-38-768x1024.jpg 768w, https:\/\/elmetidosv.com\/wp-content\/uploads\/2021\/09\/0000-38-1152x1536.jpg 1152w, https:\/\/elmetidosv.com\/wp-content\/uploads\/2021\/09\/0000-38.jpg 1200w\" sizes=\"auto, (max-width: 225px) 100vw, 225px\" \/><img loading=\"lazy\" decoding=\"async\" class=\"alignnone size-medium wp-image-17121\" src=\"http:\/\/elmetidosve.com\/wp-content\/uploads\/2021\/09\/000-37-160x300.jpg\" alt=\"\" width=\"160\" height=\"300\" srcset=\"https:\/\/elmetidosv.com\/wp-content\/uploads\/2021\/09\/000-37-160x300.jpg 160w, https:\/\/elmetidosv.com\/wp-content\/uploads\/2021\/09\/000-37-547x1024.jpg 547w, https:\/\/elmetidosv.com\/wp-content\/uploads\/2021\/09\/000-37.jpg 557w\" sizes=\"auto, (max-width: 160px) 100vw, 160px\" \/><\/p>\n<p>Un sujeto fue capturado este jueves por la Polic\u00eda Nacional Civil (PNC), por el delito de tenencia ilegal de arma de fuego, tras incautarle 2 fusiles calibre 22 mil\u00edmetros que manten\u00eda en su poder de manera ilegal.<\/p>\n<p>La corporaci\u00f3n policial indica que el detenido corresponde a Santos Juli\u00e1n Coto, quien fue aprehendido en t\u00e9rminos de flagrancia dentro del operativo de esta madrugada que se realiz\u00f3 en La Libertad.<\/p>\n<p>Santos Juli\u00e1n Coto ser\u00e1 remitido en las pr\u00f3ximas horas a un centro judicial para que responda al delito al que se le atribuye.<\/p>\n<p>En otro hecho, Jos\u00e9 Daniel Alfaro, quien fue aprehendido por las autoridades en los alrededores del municipio de Santiago de Mar\u00eda, en Usulut\u00e1n por el delito de violaci\u00f3n en menor incapaz.<\/p>\n","protected":false},"excerpt":{"rendered":"<p>Un sujeto fue capturado este jueves por la Polic\u00eda Nacional Civil (PNC), por el delito de tenencia ilegal de arma<\/p>\n","protected":false},"author":2,"featured_media":17121,"comment_status":"open","ping_status":"open","sticky":false,"template":"","format":"standard","meta":{"colormag_page_container_layout":"default_layout","colormag_page_sidebar_layout":"default_layout","footnotes":""},"categories":[1],"tags":[],"class_list":["post-17119","post","type-post","status-publish","format-standard","has-post-thumbnail","hentry","category-nacional"],"_links":{"self":[{"href":"https:\/\/elmetidosv.com\/index.php?rest_route=\/wp\/v2\/posts\/17119","targetHints":{"allow":["GET"]}}],"collection":[{"href":"https:\/\/elmetidosv.com\/index.php?rest_route=\/wp\/v2\/posts"}],"about":[{"href":"https:\/\/elmetidosv.com\/index.php?rest_route=\/wp\/v2\/types\/post"}],"author":[{"embeddable":true,"href":"https:\/\/elmetidosv.com\/index.php?rest_route=\/wp\/v2\/users\/2"}],"replies":[{"embeddable":true,"href":"https:\/\/elmetidosv.com\/index.php?rest_route=%2Fwp%2Fv2%2Fcomments&post=17119"}],"version-history":[{"count":1,"href":"https:\/\/elmetidosv.com\/index.php?rest_route=\/wp\/v2\/posts\/17119\/revisions"}],"predecessor-version":[{"id":17122,"href":"https:\/\/elmetidosv.com\/index.php?rest_route=\/wp\/v2\/posts\/17119\/revisions\/17122"}],"wp:featuredmedia":[{"embeddable":true,"href":"https:\/\/elmetidosv.com\/index.php?rest_route=\/wp\/v2\/media\/17121"}],"wp:attachment":[{"href":"https:\/\/elmetidosv.com\/index.php?rest_route=%2Fwp%2Fv2%2Fmedia&parent=17119"}],"wp:term":[{"taxonomy":"category","embeddable":true,"href":"https:\/\/elmetidosv.com\/index.php?rest_route=%2Fwp%2Fv2%2Fcategories&post=17119"},{"taxonomy":"post_tag","embeddable":true,"href":"https:\/\/elmetidosv.com\/index.php?rest_route=%2Fwp%2Fv2%2Ftags&post=17119"}],"curies":[{"name":"wp","href":"https:\/\/api.w.org\/{rel}","templated":true}]}}