{"id":17089,"date":"2021-09-29T17:59:23","date_gmt":"2021-09-29T23:59:23","guid":{"rendered":"http:\/\/elmetidosve.com\/?p=17089"},"modified":"2021-09-29T17:59:23","modified_gmt":"2021-09-29T23:59:23","slug":"confirman-24-muertos-y-48-heridos-durante-un-motin-en-una-carcel-de-ecuador","status":"publish","type":"post","link":"https:\/\/elmetidosv.com\/?p=17089","title":{"rendered":"Confirman 24 muertos y 48 heridos durante un mot\u00edn en una c\u00e1rcel de Ecuador"},"content":{"rendered":"<p>&nbsp;<\/p>\n<p>Videos aqui: <a href=\"https:\/\/twitter.com\/i\/status\/1442919185735053314\">https:\/\/twitter.com\/i\/status\/1442919185735053314<\/a><\/p>\n<p><a href=\"https:\/\/twitter.com\/i\/status\/1442981112175730689\">https:\/\/twitter.com\/i\/status\/1442981112175730689\u00a0<\/a><\/p>\n<p>&nbsp;<\/p>\n<p>Al menos\u00a0<strong>24 reclusos\u00a0murieron y otros 48 resultaron heridos<\/strong>\u00a0en un mot\u00edn ocurrido en la ma\u00f1ana de este martes en la\u00a0Penitenciar\u00eda del Litoral, al norte de Guayaquil, Ecuador.<\/p>\n<p>Seg\u00fan inform\u00f3 el Servicio Nacional de Atenci\u00f3n Integral a Personas Adultas Privadas de la Libertad\u00a0y a Adolescentes Infractores (SNAI), los hechos\u00a0se produjeron debido a un enfrentamiento interno por disputas entre bandas delictivas.<\/p>\n<p>Tras un operativo policial y militar que se despleg\u00f3 en las inmediaciones del centro carcelario, las autoridades lograron retomar el control, luego de casi cinco horas de una violenta jornada, detalla un comunicado del SNAI.<\/p>\n<div class=\"EmbedBlock-root EmbedBlock-twitter\">\n<div class=\"TwitterEmbed\">\n<p>En tanto, el general\u00a0Fausto Buena\u00f1o, comandante de la Zona 8 de la\u00a0Polic\u00eda Nacional, explic\u00f3 a la prensa cu\u00e1l fue el motivo que desencaden\u00f3 una masacre:\u00a0<strong>\u00abSe enfrentan entre dos bandas, la de los pabellones 8 y 9 con el fin de tomarse el pabell\u00f3n 5\u00bb<\/strong>, dijo y a\u00f1adi\u00f3 que mediante una requisa se logr\u00f3 decomisar\u00a0<strong>\u00abfusiles, pistolas y rev\u00f3lveres\u00bb.<\/strong><\/p>\n<div class=\"EmbedBlock-root EmbedBlock-twitter\">\n<div class=\"TwitterEmbed\">\n<p>Luego de la violenta jornada, y en medio de una grave crisis carcelaria en el pa\u00eds, el Gobierno de Guillermo Lasso emiti\u00f3 un decreto ejecutivo por el cual se nombr\u00f3 al coronel\u00a0<strong>Bol\u00edvar Fernando Garz\u00f3n Espinosa<\/strong>\u00a0como nuevo director del SNAI, en reemplazo de Fausto Cobo, inform\u00f3 el peri\u00f3dico\u00a0La Hora.<\/p>\n<p>Lasso hab\u00eda declarado en julio el estado de emergencia en el sistema penitenciario, a ra\u00edz de varios episodios violentos en las c\u00e1rceles del pa\u00eds, que hasta el momento dejaron m\u00e1s de 100 presos fallecidos.<\/p>\n<p>La\u00a0situaci\u00f3n m\u00e1s sangrienta se vivi\u00f3 en\u00a0febrero, cuando en un amotinamiento simult\u00e1neo ocurrido en tres c\u00e1rceles de Ecuador\u00a0<strong>murieron 79 reclusos<\/strong>. Posteriormente, en\u00a0julio, otros 27 perdieron la vida en la penitenciar\u00eda del Litoral. El episodio m\u00e1s reciente se dio a mediados de este mes en un centro penitenciario de Guayas, que fue atacado por drones aunque sin dejar v\u00edctimas mortales.<\/p>\n<\/div>\n<\/div>\n<\/div>\n<\/div>\n","protected":false},"excerpt":{"rendered":"<p>&nbsp; Videos aqui: https:\/\/twitter.com\/i\/status\/1442919185735053314 https:\/\/twitter.com\/i\/status\/1442981112175730689\u00a0 &nbsp; Al menos\u00a024 reclusos\u00a0murieron y otros 48 resultaron heridos\u00a0en un mot\u00edn ocurrido en la ma\u00f1ana<\/p>\n","protected":false},"author":2,"featured_media":17090,"comment_status":"open","ping_status":"open","sticky":false,"template":"","format":"standard","meta":{"colormag_page_container_layout":"default_layout","colormag_page_sidebar_layout":"default_layout","footnotes":""},"categories":[3],"tags":[],"class_list":["post-17089","post","type-post","status-publish","format-standard","has-post-thumbnail","hentry","category-internacional"],"_links":{"self":[{"href":"https:\/\/elmetidosv.com\/index.php?rest_route=\/wp\/v2\/posts\/17089","targetHints":{"allow":["GET"]}}],"collection":[{"href":"https:\/\/elmetidosv.com\/index.php?rest_route=\/wp\/v2\/posts"}],"about":[{"href":"https:\/\/elmetidosv.com\/index.php?rest_route=\/wp\/v2\/types\/post"}],"author":[{"embeddable":true,"href":"https:\/\/elmetidosv.com\/index.php?rest_route=\/wp\/v2\/users\/2"}],"replies":[{"embeddable":true,"href":"https:\/\/elmetidosv.com\/index.php?rest_route=%2Fwp%2Fv2%2Fcomments&post=17089"}],"version-history":[{"count":1,"href":"https:\/\/elmetidosv.com\/index.php?rest_route=\/wp\/v2\/posts\/17089\/revisions"}],"predecessor-version":[{"id":17092,"href":"https:\/\/elmetidosv.com\/index.php?rest_route=\/wp\/v2\/posts\/17089\/revisions\/17092"}],"wp:featuredmedia":[{"embeddable":true,"href":"https:\/\/elmetidosv.com\/index.php?rest_route=\/wp\/v2\/media\/17090"}],"wp:attachment":[{"href":"https:\/\/elmetidosv.com\/index.php?rest_route=%2Fwp%2Fv2%2Fmedia&parent=17089"}],"wp:term":[{"taxonomy":"category","embeddable":true,"href":"https:\/\/elmetidosv.com\/index.php?rest_route=%2Fwp%2Fv2%2Fcategories&post=17089"},{"taxonomy":"post_tag","embeddable":true,"href":"https:\/\/elmetidosv.com\/index.php?rest_route=%2Fwp%2Fv2%2Ftags&post=17089"}],"curies":[{"name":"wp","href":"https:\/\/api.w.org\/{rel}","templated":true}]}}