{"id":17086,"date":"2021-09-29T17:45:11","date_gmt":"2021-09-29T23:45:11","guid":{"rendered":"http:\/\/elmetidosve.com\/?p=17086"},"modified":"2021-09-29T17:45:11","modified_gmt":"2021-09-29T23:45:11","slug":"los-talibanes-inician-una-operacion-contra-el-estado-islamico-en-afganistan","status":"publish","type":"post","link":"https:\/\/elmetidosv.com\/?p=17086","title":{"rendered":"Los talibanes inician una operaci\u00f3n contra el Estado Isl\u00e1mico en Afganist\u00e1n"},"content":{"rendered":"<p>Los talibanes* han anunciado el inicio de una operaci\u00f3n contra terroristas del Estado Isl\u00e1mico en las provincias de Kabul y Nangarjar, informa el medio local\u00a0Khaama Press, citando a funcionarios\u00a0del movimiento que ahora controla\u00a0Afganist\u00e1n.<\/p>\n<p>Previamente, los integrantes del Estado Isl\u00e1mico del Gran Joras\u00e1n, la facci\u00f3n afgana del EI, llevaron a cabo ataques contra los talibanes en esas provincias. No obstante, los talibanes aseguraron que el grupo extremista\u00a0no representa una amenaza grave para su r\u00e9gimen.<\/p>\n<p>Tambi\u00e9n recordaron que hasta el momento consiguieron capturar vivos a \u00abmuchos\u00bb miembros del Estado Isl\u00e1mico.<\/p>\n<p>El pasado s\u00e1bado, al menos una persona muri\u00f3 y siete m\u00e1s resultaron heridas tras una explosi\u00f3n en Jalalabad, capital de la provincia de Nangarjar. Durante los dos d\u00edas anteriores, en diferentes partes de la ciudad hallaron ocho cuerpos. El pasado mi\u00e9rcoles, cuatro explosiones sacudieron a la ciudad, cobr\u00e1ndose la vida de cinco personas y dejando tres heridos. El 18 de septiembre, otra explosi\u00f3n les cost\u00f3 la vida a al menos dos personas y dej\u00f3 19 heridos, entre ellos ni\u00f1os y mujeres.<\/p>\n<p><em>* El movimiento talib\u00e1n, designado como \u00aborganizaci\u00f3n terrorista\u00bb por el Consejo de Seguridad de la ONU, est\u00e1 declarado como grupo terrorista y prohibido en Rusia.<\/em><\/p>\n","protected":false},"excerpt":{"rendered":"<p>Los talibanes* han anunciado el inicio de una operaci\u00f3n contra terroristas del Estado Isl\u00e1mico en las provincias de Kabul y<\/p>\n","protected":false},"author":2,"featured_media":17087,"comment_status":"open","ping_status":"open","sticky":false,"template":"","format":"standard","meta":{"colormag_page_container_layout":"default_layout","colormag_page_sidebar_layout":"default_layout","footnotes":""},"categories":[3],"tags":[],"class_list":["post-17086","post","type-post","status-publish","format-standard","has-post-thumbnail","hentry","category-internacional"],"_links":{"self":[{"href":"https:\/\/elmetidosv.com\/index.php?rest_route=\/wp\/v2\/posts\/17086","targetHints":{"allow":["GET"]}}],"collection":[{"href":"https:\/\/elmetidosv.com\/index.php?rest_route=\/wp\/v2\/posts"}],"about":[{"href":"https:\/\/elmetidosv.com\/index.php?rest_route=\/wp\/v2\/types\/post"}],"author":[{"embeddable":true,"href":"https:\/\/elmetidosv.com\/index.php?rest_route=\/wp\/v2\/users\/2"}],"replies":[{"embeddable":true,"href":"https:\/\/elmetidosv.com\/index.php?rest_route=%2Fwp%2Fv2%2Fcomments&post=17086"}],"version-history":[{"count":1,"href":"https:\/\/elmetidosv.com\/index.php?rest_route=\/wp\/v2\/posts\/17086\/revisions"}],"predecessor-version":[{"id":17088,"href":"https:\/\/elmetidosv.com\/index.php?rest_route=\/wp\/v2\/posts\/17086\/revisions\/17088"}],"wp:featuredmedia":[{"embeddable":true,"href":"https:\/\/elmetidosv.com\/index.php?rest_route=\/wp\/v2\/media\/17087"}],"wp:attachment":[{"href":"https:\/\/elmetidosv.com\/index.php?rest_route=%2Fwp%2Fv2%2Fmedia&parent=17086"}],"wp:term":[{"taxonomy":"category","embeddable":true,"href":"https:\/\/elmetidosv.com\/index.php?rest_route=%2Fwp%2Fv2%2Fcategories&post=17086"},{"taxonomy":"post_tag","embeddable":true,"href":"https:\/\/elmetidosv.com\/index.php?rest_route=%2Fwp%2Fv2%2Ftags&post=17086"}],"curies":[{"name":"wp","href":"https:\/\/api.w.org\/{rel}","templated":true}]}}