{"id":1707,"date":"2020-04-23T18:31:54","date_gmt":"2020-04-24T00:31:54","guid":{"rendered":"http:\/\/elmetidosve.com\/?p=1707"},"modified":"2020-04-23T18:32:01","modified_gmt":"2020-04-24T00:32:01","slug":"gobierno-entregara-400-mil-paquetes-agricolas-a-pequenos-productores-del-pais","status":"publish","type":"post","link":"https:\/\/elmetidosv.com\/?p=1707","title":{"rendered":"Gobierno entregar\u00e1 400 mil paquetes agr\u00edcolas a peque\u00f1os productores del pa\u00eds"},"content":{"rendered":"\n<figure class=\"wp-block-image\"><img decoding=\"async\" src=\"https:\/\/pbs.twimg.com\/media\/EWTZvqBXQAUTsn_?format=png&amp;name=large\" alt=\"\"\/><\/figure>\n\n\n\n<p>El gobierno del presidente de la Rep\u00fablica, Nayib Bukele, por medio del Ministerio de Agricultura y Ganader\u00eda (MAG), dio a conocer la fecha y la nueva modalidad de entrega de paquetes agr\u00edcolas para los peque\u00f1os productores del pa\u00eds.<\/p>\n\n\n\n<p>De acuerdo con las autoridades, por primera vez, se habilitar\u00e1n m\u00e1s de 500 puntos de entrega, tomando todas las medidas sanitarias a cargo del Ministerio de Salud, y una log\u00edstica interinstitucional junto a la Polic\u00eda Nacional Civil (PNC), Protecci\u00f3n Civil y Gobernaci\u00f3n.<\/p>\n\n\n\n<p>\u201cDebido a la emergencia por COVID-19 vamos a hacer las entregas de los paquetes agr\u00edcolas por zonas del pa\u00eds. No ser\u00e1 simult\u00e1nea, para evitar aglomeraciones\u201d, expres\u00f3 el ministro de Agricultura, Pablo Anliker.<\/p>\n\n\n\n<p>La entrega se va dividir en tres fases. La primera ser\u00e1 en la zona occidental del pa\u00eds el 27 de abril, la segunda en la zona paracentral el 6 de mayo y la tercera en la zona oriental el 20 de mayo.<\/p>\n\n\n\n<p>La inversi\u00f3n de las primeras tres fases asciende a m\u00e1s de $18 millones, entregando m\u00e1s de 400 mil paquetes agr\u00edcolas a peque\u00f1os productores de El Salvador.<\/p>\n","protected":false},"excerpt":{"rendered":"<p>El gobierno del presidente de la Rep\u00fablica, Nayib Bukele, por medio del Ministerio de Agricultura y Ganader\u00eda (MAG), dio a<\/p>\n","protected":false},"author":1,"featured_media":1708,"comment_status":"open","ping_status":"open","sticky":false,"template":"","format":"standard","meta":{"colormag_page_container_layout":"default_layout","colormag_page_sidebar_layout":"default_layout","footnotes":""},"categories":[1],"tags":[],"class_list":["post-1707","post","type-post","status-publish","format-standard","has-post-thumbnail","hentry","category-nacional"],"_links":{"self":[{"href":"https:\/\/elmetidosv.com\/index.php?rest_route=\/wp\/v2\/posts\/1707","targetHints":{"allow":["GET"]}}],"collection":[{"href":"https:\/\/elmetidosv.com\/index.php?rest_route=\/wp\/v2\/posts"}],"about":[{"href":"https:\/\/elmetidosv.com\/index.php?rest_route=\/wp\/v2\/types\/post"}],"author":[{"embeddable":true,"href":"https:\/\/elmetidosv.com\/index.php?rest_route=\/wp\/v2\/users\/1"}],"replies":[{"embeddable":true,"href":"https:\/\/elmetidosv.com\/index.php?rest_route=%2Fwp%2Fv2%2Fcomments&post=1707"}],"version-history":[{"count":1,"href":"https:\/\/elmetidosv.com\/index.php?rest_route=\/wp\/v2\/posts\/1707\/revisions"}],"predecessor-version":[{"id":1709,"href":"https:\/\/elmetidosv.com\/index.php?rest_route=\/wp\/v2\/posts\/1707\/revisions\/1709"}],"wp:featuredmedia":[{"embeddable":true,"href":"https:\/\/elmetidosv.com\/index.php?rest_route=\/wp\/v2\/media\/1708"}],"wp:attachment":[{"href":"https:\/\/elmetidosv.com\/index.php?rest_route=%2Fwp%2Fv2%2Fmedia&parent=1707"}],"wp:term":[{"taxonomy":"category","embeddable":true,"href":"https:\/\/elmetidosv.com\/index.php?rest_route=%2Fwp%2Fv2%2Fcategories&post=1707"},{"taxonomy":"post_tag","embeddable":true,"href":"https:\/\/elmetidosv.com\/index.php?rest_route=%2Fwp%2Fv2%2Ftags&post=1707"}],"curies":[{"name":"wp","href":"https:\/\/api.w.org\/{rel}","templated":true}]}}