{"id":16986,"date":"2021-09-24T14:47:43","date_gmt":"2021-09-24T20:47:43","guid":{"rendered":"http:\/\/elmetidosve.com\/?p=16986"},"modified":"2021-09-24T14:47:43","modified_gmt":"2021-09-24T20:47:43","slug":"entregan-mercaderia-que-se-salvo-del-incendio-en-el-mercado-san-miguelito","status":"publish","type":"post","link":"https:\/\/elmetidosv.com\/?p=16986","title":{"rendered":"Entregan mercader\u00eda que se salv\u00f3 del incendio en el mercado San Miguelito"},"content":{"rendered":"<p>La alcald\u00eda de San Salvador desarrolla la entrega de la mercader\u00eda que se salv\u00f3 de ser destruida en el incendio del mercado San Miguelito.<\/p>\n<p>Las autoridades de la municipalidad est\u00e1n entregando las pertenencias de los comerciantes en el port\u00f3n cuatro del citado centro comercial.<\/p>\n<p>Para evitar aglomeraciones y prevenir el contagio de COVID-19, la comuna ha dispuesto que los vendedores ingresen a recoger sus pertenencias en peque\u00f1os grupos de cuatro personas.<\/p>\n<p>Una vendedora pudo recuperar semillas y otras pertenencias que, junto a la ayuda del gobierno, le ayudar\u00e1n a continuar trabajando.<\/p>\n<p>\u201cLe damos las gracias, especialmente a Desechos S\u00f3lidos porque desde el d\u00eda que empez\u00f3 todo esto ellos han estado presentes\u201d, exterioriz\u00f3 Iliana Mart\u00ednez, comerciante afectada por el incendio.<\/p>\n<p>Las autoridades municipales y del gobierno del presidente Nayib Bukele ya tienen un censo de los afectados por el siniestro, y se prepara un plan para apoyarlos mientras se construye un centro comercial nuevo.<\/p>\n","protected":false},"excerpt":{"rendered":"<p>La alcald\u00eda de San Salvador desarrolla la entrega de la mercader\u00eda que se salv\u00f3 de ser destruida en el incendio<\/p>\n","protected":false},"author":2,"featured_media":16987,"comment_status":"open","ping_status":"open","sticky":false,"template":"","format":"standard","meta":{"colormag_page_container_layout":"default_layout","colormag_page_sidebar_layout":"default_layout","footnotes":""},"categories":[1],"tags":[],"class_list":["post-16986","post","type-post","status-publish","format-standard","has-post-thumbnail","hentry","category-nacional"],"_links":{"self":[{"href":"https:\/\/elmetidosv.com\/index.php?rest_route=\/wp\/v2\/posts\/16986","targetHints":{"allow":["GET"]}}],"collection":[{"href":"https:\/\/elmetidosv.com\/index.php?rest_route=\/wp\/v2\/posts"}],"about":[{"href":"https:\/\/elmetidosv.com\/index.php?rest_route=\/wp\/v2\/types\/post"}],"author":[{"embeddable":true,"href":"https:\/\/elmetidosv.com\/index.php?rest_route=\/wp\/v2\/users\/2"}],"replies":[{"embeddable":true,"href":"https:\/\/elmetidosv.com\/index.php?rest_route=%2Fwp%2Fv2%2Fcomments&post=16986"}],"version-history":[{"count":1,"href":"https:\/\/elmetidosv.com\/index.php?rest_route=\/wp\/v2\/posts\/16986\/revisions"}],"predecessor-version":[{"id":16988,"href":"https:\/\/elmetidosv.com\/index.php?rest_route=\/wp\/v2\/posts\/16986\/revisions\/16988"}],"wp:featuredmedia":[{"embeddable":true,"href":"https:\/\/elmetidosv.com\/index.php?rest_route=\/wp\/v2\/media\/16987"}],"wp:attachment":[{"href":"https:\/\/elmetidosv.com\/index.php?rest_route=%2Fwp%2Fv2%2Fmedia&parent=16986"}],"wp:term":[{"taxonomy":"category","embeddable":true,"href":"https:\/\/elmetidosv.com\/index.php?rest_route=%2Fwp%2Fv2%2Fcategories&post=16986"},{"taxonomy":"post_tag","embeddable":true,"href":"https:\/\/elmetidosv.com\/index.php?rest_route=%2Fwp%2Fv2%2Ftags&post=16986"}],"curies":[{"name":"wp","href":"https:\/\/api.w.org\/{rel}","templated":true}]}}