{"id":16981,"date":"2021-09-24T14:42:44","date_gmt":"2021-09-24T20:42:44","guid":{"rendered":"http:\/\/elmetidosve.com\/?p=16981"},"modified":"2021-09-24T14:42:44","modified_gmt":"2021-09-24T20:42:44","slug":"diputado-johnny-wright-se-une-con-el-fmln-para-protestar-contra-el-gobierno","status":"publish","type":"post","link":"https:\/\/elmetidosv.com\/?p=16981","title":{"rendered":"Diputado Johnny Wright se une con el FMLN para protestar contra el Gobierno"},"content":{"rendered":"<p><img loading=\"lazy\" decoding=\"async\" class=\"alignnone size-medium wp-image-16983\" src=\"http:\/\/elmetidosve.com\/wp-content\/uploads\/2021\/09\/0000-15-300x169.jpg\" alt=\"\" width=\"300\" height=\"169\" srcset=\"https:\/\/elmetidosv.com\/wp-content\/uploads\/2021\/09\/0000-15-300x169.jpg 300w, https:\/\/elmetidosv.com\/wp-content\/uploads\/2021\/09\/0000-15-1024x576.jpg 1024w, https:\/\/elmetidosv.com\/wp-content\/uploads\/2021\/09\/0000-15-768x432.jpg 768w, https:\/\/elmetidosv.com\/wp-content\/uploads\/2021\/09\/0000-15.jpg 1280w\" sizes=\"auto, (max-width: 300px) 100vw, 300px\" \/> <img loading=\"lazy\" decoding=\"async\" class=\"alignnone size-medium wp-image-16984\" src=\"http:\/\/elmetidosve.com\/wp-content\/uploads\/2021\/09\/000-14-300x169.jpg\" alt=\"\" width=\"300\" height=\"169\" srcset=\"https:\/\/elmetidosv.com\/wp-content\/uploads\/2021\/09\/000-14-300x169.jpg 300w, https:\/\/elmetidosv.com\/wp-content\/uploads\/2021\/09\/000-14-1024x575.jpg 1024w, https:\/\/elmetidosv.com\/wp-content\/uploads\/2021\/09\/000-14-768x431.jpg 768w, https:\/\/elmetidosv.com\/wp-content\/uploads\/2021\/09\/000-14.jpg 1280w\" sizes=\"auto, (max-width: 300px) 100vw, 300px\" \/><\/p>\n<p>El exmiembro de ARENA y actual diputado del partido Nuestro Tiempo, Johnny Wright, acompa\u00f1\u00f3 a los diputados del FMLN para protestar contra el gobierno del presidente de la Rep\u00fablica, Nayib Bukele.<\/p>\n<p>Wright, junto con los diputados del FMLN, Jaime Guevara, Anabel Belloso y Rina Argueta, lideraron una marcha de los veteranos de guerra que exigen ser incluidos en el Presupuesto General de la Naci\u00f3n 2022.<\/p>\n<p>La delegaci\u00f3n de veteranos entr\u00f3 a la Asamblea Legislativa, junto con los diputados, para entregar una pieza de correspondencia, para que sus exigencias sean cumplidas.<\/p>\n<p>De acuerdo con los l\u00edderes de los veteranos, estos quieren un aumento a la pensi\u00f3n que reciben cada mes, as\u00ed como tierras para trabajar y vivir.<\/p>\n","protected":false},"excerpt":{"rendered":"<p>El exmiembro de ARENA y actual diputado del partido Nuestro Tiempo, Johnny Wright, acompa\u00f1\u00f3 a los diputados del FMLN para<\/p>\n","protected":false},"author":2,"featured_media":16984,"comment_status":"open","ping_status":"open","sticky":false,"template":"","format":"standard","meta":{"colormag_page_container_layout":"default_layout","colormag_page_sidebar_layout":"default_layout","footnotes":""},"categories":[1],"tags":[],"class_list":["post-16981","post","type-post","status-publish","format-standard","has-post-thumbnail","hentry","category-nacional"],"_links":{"self":[{"href":"https:\/\/elmetidosv.com\/index.php?rest_route=\/wp\/v2\/posts\/16981","targetHints":{"allow":["GET"]}}],"collection":[{"href":"https:\/\/elmetidosv.com\/index.php?rest_route=\/wp\/v2\/posts"}],"about":[{"href":"https:\/\/elmetidosv.com\/index.php?rest_route=\/wp\/v2\/types\/post"}],"author":[{"embeddable":true,"href":"https:\/\/elmetidosv.com\/index.php?rest_route=\/wp\/v2\/users\/2"}],"replies":[{"embeddable":true,"href":"https:\/\/elmetidosv.com\/index.php?rest_route=%2Fwp%2Fv2%2Fcomments&post=16981"}],"version-history":[{"count":2,"href":"https:\/\/elmetidosv.com\/index.php?rest_route=\/wp\/v2\/posts\/16981\/revisions"}],"predecessor-version":[{"id":16985,"href":"https:\/\/elmetidosv.com\/index.php?rest_route=\/wp\/v2\/posts\/16981\/revisions\/16985"}],"wp:featuredmedia":[{"embeddable":true,"href":"https:\/\/elmetidosv.com\/index.php?rest_route=\/wp\/v2\/media\/16984"}],"wp:attachment":[{"href":"https:\/\/elmetidosv.com\/index.php?rest_route=%2Fwp%2Fv2%2Fmedia&parent=16981"}],"wp:term":[{"taxonomy":"category","embeddable":true,"href":"https:\/\/elmetidosv.com\/index.php?rest_route=%2Fwp%2Fv2%2Fcategories&post=16981"},{"taxonomy":"post_tag","embeddable":true,"href":"https:\/\/elmetidosv.com\/index.php?rest_route=%2Fwp%2Fv2%2Ftags&post=16981"}],"curies":[{"name":"wp","href":"https:\/\/api.w.org\/{rel}","templated":true}]}}