{"id":1694,"date":"2020-04-22T19:31:46","date_gmt":"2020-04-23T01:31:46","guid":{"rendered":"http:\/\/elmetidosve.com\/?p=1694"},"modified":"2020-04-22T19:31:53","modified_gmt":"2020-04-23T01:31:53","slug":"recepcion-de-salvadorenos-varados-en-el-exterior-sera-gradual-dice-canciller-manana-llegan-42-compatriotas-procedentes-de-mexico","status":"publish","type":"post","link":"https:\/\/elmetidosv.com\/?p=1694","title":{"rendered":"Recepci\u00f3n de salvadore\u00f1os varados en el exterior ser\u00e1 gradual, dice canciller: ma\u00f1ana llegan 42 compatriotas procedentes de M\u00e9xico"},"content":{"rendered":"\n<p>\u00abTenemos que priorizar; no podemos traer a toda la poblaci\u00f3n que est\u00e1 fuera (de la frontera) porque colapsamos y echamos al traste lo que se ha hecho bien\u201d, dijo esta tarde la canciller de la Rep\u00fablica durante una conferencia de prensa.<\/p>\n\n\n\n<p>El retorno de los m\u00e1s de 4,000 salvadore\u00f1os que se encuentran varados en unos 60 pa\u00edses alrededor del mundo tendr\u00e1 que ser gradual, en tanto no hay infraestructura suficiente para recibirlos  y a la vez brindarles los cuidados y atenci\u00f3n sanitaria que requieren.<\/p>\n\n\n\n<p>As\u00ed lo reiter\u00f3 esta tarde la canciller de la Rep\u00fablica, Alejandra Hill Tinoco, durante una conferencia de prensa en la que estuvo acompa\u00f1ada del secretario jur\u00eddico de la Presidencia, Conan Castro; y el director de Migraci\u00f3n y Extranjer\u00eda, Ricardo Cucal\u00f3n.<\/p>\n\n\n\n<p>\u00abTenemos que priorizar; no podemos traer a toda la poblaci\u00f3n que est\u00e1 fuera porque colapsamos y echamos al traste lo que se ha hecho bien. Tenemos m\u00e1s de 7,000 personas que han llenado formularios, pero m\u00e1s de 4 mil ya est\u00e1n categorizadas\u00bb, asegur\u00f3 la funcionaria.<\/p>\n\n\n\n<p>Asegur\u00f3 que el gobierno en ning\u00fan momento ha prohibido el ingreso de salvadore\u00f1os desde el exterior, pero enfatiz\u00f3 que para recibir a la gran cantidad de compatriotas que necesitan volver al pa\u00eds es necesario tomar en cuenta la capacidad instalada para que queden en cuarentena. Adem\u00e1s, dijo, se est\u00e1 priorizando el retorno de las personas de grupos vulnerables.<\/p>\n\n\n\n<p>Embarazadas, ni\u00f1os, adultos mayores, personas con capacidades especiales y con enfermedades que requieran atenci\u00f3n m\u00e9dica son los grupos prioritarios en el plan de recibimiento de salvadore\u00f1os provenientes del exterior, detall\u00f3 el secretario jur\u00eddico.<\/p>\n\n\n\n<p>Asimismo, explic\u00f3 que se planea iniciar el retorno gradual a partir del 1 de mayo pr\u00f3ximo, pero que todav\u00eda se trabaja en la clasificaci\u00f3n de los salvadore\u00f1os, sobre la base de su vulnerabilidad.<\/p>\n\n\n\n<p>\u201cLa red de consulados salvadore\u00f1os en el exterior nunca ha abandonado a los compatriotas y est\u00e1 en contacto con cada uno de ellos, apoy\u00e1ndolos con m\u00e1s de 900 paquetes de medicamentos que se les ha enviado a  17 pa\u00edses\u201d, dijo Hill Tinoco.<\/p>\n\n\n\n<p>Castro tambi\u00e9n se refiri\u00f3 al veto que hiciera el pasado lunes el presidente Nayib Bukele al decreto 621, referente a las disposiciones transitorias para regular el retorno de los salvadore\u00f1os .El mismo determinaba que deb\u00eda ser el Ejecutivo el que crear\u00eda el mecanismo adecuado para permitir el retorno de lo salvadore\u00f1os, pudiendo ser por v\u00eda a\u00e9rea, mar\u00edtima o terrestre.<\/p>\n\n\n\n<p>Respecto al veto, el secretario jur\u00edrico explic\u00f3 que el decreto no fue consultado con las instancias el Ejecutivo y que era una \u201cespecie de anuncio\u201d.<\/p>\n\n\n\n<p>Retorno de 42 salvadore\u00f1os desde M\u00e9xico y Guatemala<\/p>\n\n\n\n<p>Asimismo, los funcionarios informaron que este jueves 23 de abril llegar\u00e1 a El Salvador un vuelo procedente de Tapachula, M\u00e9xico, con 42 salvadore\u00f1os que fueron  abandonados en las fronteras entre M\u00e9xico y Guatemala. \u201cEntre los retornados  hay ni\u00f1os y mujeres embarazadas\u00bb, explic\u00f3 la canciller.<\/p>\n\n\n\n<p>El director de Migraci\u00f3n asegur\u00f3 que se hizo un intenso trabajo para lograr ubicar a estas personas y ayudarles a retornar.<\/p>\n","protected":false},"excerpt":{"rendered":"<p>\u00abTenemos que priorizar; no podemos traer a toda la poblaci\u00f3n que est\u00e1 fuera (de la frontera) porque colapsamos y echamos<\/p>\n","protected":false},"author":1,"featured_media":1695,"comment_status":"open","ping_status":"open","sticky":false,"template":"","format":"standard","meta":{"colormag_page_container_layout":"default_layout","colormag_page_sidebar_layout":"default_layout","footnotes":""},"categories":[1],"tags":[],"class_list":["post-1694","post","type-post","status-publish","format-standard","has-post-thumbnail","hentry","category-nacional"],"_links":{"self":[{"href":"https:\/\/elmetidosv.com\/index.php?rest_route=\/wp\/v2\/posts\/1694","targetHints":{"allow":["GET"]}}],"collection":[{"href":"https:\/\/elmetidosv.com\/index.php?rest_route=\/wp\/v2\/posts"}],"about":[{"href":"https:\/\/elmetidosv.com\/index.php?rest_route=\/wp\/v2\/types\/post"}],"author":[{"embeddable":true,"href":"https:\/\/elmetidosv.com\/index.php?rest_route=\/wp\/v2\/users\/1"}],"replies":[{"embeddable":true,"href":"https:\/\/elmetidosv.com\/index.php?rest_route=%2Fwp%2Fv2%2Fcomments&post=1694"}],"version-history":[{"count":1,"href":"https:\/\/elmetidosv.com\/index.php?rest_route=\/wp\/v2\/posts\/1694\/revisions"}],"predecessor-version":[{"id":1696,"href":"https:\/\/elmetidosv.com\/index.php?rest_route=\/wp\/v2\/posts\/1694\/revisions\/1696"}],"wp:featuredmedia":[{"embeddable":true,"href":"https:\/\/elmetidosv.com\/index.php?rest_route=\/wp\/v2\/media\/1695"}],"wp:attachment":[{"href":"https:\/\/elmetidosv.com\/index.php?rest_route=%2Fwp%2Fv2%2Fmedia&parent=1694"}],"wp:term":[{"taxonomy":"category","embeddable":true,"href":"https:\/\/elmetidosv.com\/index.php?rest_route=%2Fwp%2Fv2%2Fcategories&post=1694"},{"taxonomy":"post_tag","embeddable":true,"href":"https:\/\/elmetidosv.com\/index.php?rest_route=%2Fwp%2Fv2%2Ftags&post=1694"}],"curies":[{"name":"wp","href":"https:\/\/api.w.org\/{rel}","templated":true}]}}