{"id":16912,"date":"2021-09-22T17:06:28","date_gmt":"2021-09-22T23:06:28","guid":{"rendered":"http:\/\/elmetidosve.com\/?p=16912"},"modified":"2021-09-22T17:06:35","modified_gmt":"2021-09-22T23:06:35","slug":"incendio-de-gran-magnitud-en-mercado-san-miguelito","status":"publish","type":"post","link":"https:\/\/elmetidosv.com\/?p=16912","title":{"rendered":"Incendio de gran magnitud en Mercado San Miguelito."},"content":{"rendered":"\n\n\n<p>El fuego se ha extendido r\u00e1pidamente por la zona de las flores y artesan\u00edas, pero hasta el momento se desconoce cu\u00e1ntos puestos han sido afectados.<\/p>\n\n\n\n<p>El humo en los alrededores ha provocado poca visibilidad y ha generado caos vehicular en diferentes arterias aleda\u00f1as. La Avenida Espa\u00f1a se mantiene cerrada mientras sofocan el fuego. Cuerpo de Bomberos lleg\u00f3 a las 10:13 am a la zona para sofocar el incendio.<\/p>\n\n\n\n<p>Protecci\u00f3n Civil inform\u00f3 que todas las instituciones del sistema ya se encuentran activadas. La Polic\u00eda Nacional Civil junto a la Fuerza Armada han establecido un per\u00edmetro de seguridad para agilizar la atenci\u00f3n del siniestro.<\/p>\n\n\n\n<p>Comerciantes y compradores que se encontraban al interior del mercado fueron evacuados, por lo que no se registraron lesionados graves o quemados por el incendio, sin embargo, s\u00ed han atendido a personas con crisis nerviosas y con complicaciones respiratorias.<br><\/p>\n","protected":false},"excerpt":{"rendered":"<p>El fuego se ha extendido r\u00e1pidamente por la zona de las flores y artesan\u00edas, pero hasta el momento se desconoce<\/p>\n","protected":false},"author":1,"featured_media":16914,"comment_status":"open","ping_status":"open","sticky":false,"template":"","format":"standard","meta":{"colormag_page_container_layout":"default_layout","colormag_page_sidebar_layout":"default_layout","footnotes":""},"categories":[1],"tags":[],"class_list":["post-16912","post","type-post","status-publish","format-standard","has-post-thumbnail","hentry","category-nacional"],"_links":{"self":[{"href":"https:\/\/elmetidosv.com\/index.php?rest_route=\/wp\/v2\/posts\/16912","targetHints":{"allow":["GET"]}}],"collection":[{"href":"https:\/\/elmetidosv.com\/index.php?rest_route=\/wp\/v2\/posts"}],"about":[{"href":"https:\/\/elmetidosv.com\/index.php?rest_route=\/wp\/v2\/types\/post"}],"author":[{"embeddable":true,"href":"https:\/\/elmetidosv.com\/index.php?rest_route=\/wp\/v2\/users\/1"}],"replies":[{"embeddable":true,"href":"https:\/\/elmetidosv.com\/index.php?rest_route=%2Fwp%2Fv2%2Fcomments&post=16912"}],"version-history":[{"count":1,"href":"https:\/\/elmetidosv.com\/index.php?rest_route=\/wp\/v2\/posts\/16912\/revisions"}],"predecessor-version":[{"id":16915,"href":"https:\/\/elmetidosv.com\/index.php?rest_route=\/wp\/v2\/posts\/16912\/revisions\/16915"}],"wp:featuredmedia":[{"embeddable":true,"href":"https:\/\/elmetidosv.com\/index.php?rest_route=\/wp\/v2\/media\/16914"}],"wp:attachment":[{"href":"https:\/\/elmetidosv.com\/index.php?rest_route=%2Fwp%2Fv2%2Fmedia&parent=16912"}],"wp:term":[{"taxonomy":"category","embeddable":true,"href":"https:\/\/elmetidosv.com\/index.php?rest_route=%2Fwp%2Fv2%2Fcategories&post=16912"},{"taxonomy":"post_tag","embeddable":true,"href":"https:\/\/elmetidosv.com\/index.php?rest_route=%2Fwp%2Fv2%2Ftags&post=16912"}],"curies":[{"name":"wp","href":"https:\/\/api.w.org\/{rel}","templated":true}]}}