{"id":16800,"date":"2021-08-23T16:59:57","date_gmt":"2021-08-23T22:59:57","guid":{"rendered":"http:\/\/elmetidosve.com\/?p=16800"},"modified":"2021-08-23T17:00:04","modified_gmt":"2021-08-23T23:00:04","slug":"detienen-a-un-sujeto-por-abusar-de-una-menor-de-edad-en-chalatenango","status":"publish","type":"post","link":"https:\/\/elmetidosv.com\/?p=16800","title":{"rendered":"Detienen a un sujeto por abusar de una menor de edad en Chalatenango"},"content":{"rendered":"\n<p>Agentes de la Polic\u00eda Nacional Civil (PNC) capturaron, en las \u00faltimas horas, a un sujeto por abusar de una menor de edad en Chalatenango.<\/p>\n\n\n\n<p>El detenido fue identificado por las autoridades como Jos\u00e9 P\u00e9rez, de aproximadamente 50 a\u00f1os de edad.<\/p>\n\n\n\n<p>De acuerdo con la informaci\u00f3n, el sujeto contaba con orden de captura por el delito de agresi\u00f3n sexual en menor e incapaz.<\/p>\n\n\n\n<p>Tras su arresto ser\u00e1 llevado provisionalmente a las bartolinas de la delegaci\u00f3n policial, a la espera que el Ministerio P\u00fablico les presente ante los tribunales correspondientes.<\/p>\n","protected":false},"excerpt":{"rendered":"<p>Agentes de la Polic\u00eda Nacional Civil (PNC) capturaron, en las \u00faltimas horas, a un sujeto por abusar de una menor<\/p>\n","protected":false},"author":2,"featured_media":16801,"comment_status":"open","ping_status":"open","sticky":false,"template":"","format":"standard","meta":{"colormag_page_container_layout":"default_layout","colormag_page_sidebar_layout":"default_layout","footnotes":""},"categories":[1],"tags":[],"class_list":["post-16800","post","type-post","status-publish","format-standard","has-post-thumbnail","hentry","category-nacional"],"_links":{"self":[{"href":"https:\/\/elmetidosv.com\/index.php?rest_route=\/wp\/v2\/posts\/16800","targetHints":{"allow":["GET"]}}],"collection":[{"href":"https:\/\/elmetidosv.com\/index.php?rest_route=\/wp\/v2\/posts"}],"about":[{"href":"https:\/\/elmetidosv.com\/index.php?rest_route=\/wp\/v2\/types\/post"}],"author":[{"embeddable":true,"href":"https:\/\/elmetidosv.com\/index.php?rest_route=\/wp\/v2\/users\/2"}],"replies":[{"embeddable":true,"href":"https:\/\/elmetidosv.com\/index.php?rest_route=%2Fwp%2Fv2%2Fcomments&post=16800"}],"version-history":[{"count":1,"href":"https:\/\/elmetidosv.com\/index.php?rest_route=\/wp\/v2\/posts\/16800\/revisions"}],"predecessor-version":[{"id":16802,"href":"https:\/\/elmetidosv.com\/index.php?rest_route=\/wp\/v2\/posts\/16800\/revisions\/16802"}],"wp:featuredmedia":[{"embeddable":true,"href":"https:\/\/elmetidosv.com\/index.php?rest_route=\/wp\/v2\/media\/16801"}],"wp:attachment":[{"href":"https:\/\/elmetidosv.com\/index.php?rest_route=%2Fwp%2Fv2%2Fmedia&parent=16800"}],"wp:term":[{"taxonomy":"category","embeddable":true,"href":"https:\/\/elmetidosv.com\/index.php?rest_route=%2Fwp%2Fv2%2Fcategories&post=16800"},{"taxonomy":"post_tag","embeddable":true,"href":"https:\/\/elmetidosv.com\/index.php?rest_route=%2Fwp%2Fv2%2Ftags&post=16800"}],"curies":[{"name":"wp","href":"https:\/\/api.w.org\/{rel}","templated":true}]}}