{"id":16700,"date":"2021-08-17T17:05:58","date_gmt":"2021-08-17T23:05:58","guid":{"rendered":"http:\/\/elmetidosve.com\/?p=16700"},"modified":"2021-08-17T17:06:06","modified_gmt":"2021-08-17T23:06:06","slug":"un-grupo-de-salvadorenos-celebro-su-regreso-a-sus-hogares-este-martes-luego-de-recibir-el-alta-medica-tras-superar-al-covid-19","status":"publish","type":"post","link":"https:\/\/elmetidosv.com\/?p=16700","title":{"rendered":"Un grupo de salvadore\u00f1os celebr\u00f3 su regreso a sus hogares este martes, luego de recibir el alta m\u00e9dica tras superar al Covid-19"},"content":{"rendered":"\n<figure class=\"wp-block-gallery columns-2 is-cropped wp-block-gallery-1 is-layout-flex wp-block-gallery-is-layout-flex\"><ul class=\"blocks-gallery-grid\"><li class=\"blocks-gallery-item\"><figure><img loading=\"lazy\" decoding=\"async\" width=\"360\" height=\"240\" src=\"http:\/\/elmetidosve.com\/wp-content\/uploads\/2021\/08\/0000-64.jpg\" alt=\"\" data-id=\"16701\" data-full-url=\"http:\/\/elmetidosve.com\/wp-content\/uploads\/2021\/08\/0000-64.jpg\" data-link=\"http:\/\/elmetidosve.com\/?attachment_id=16701\" class=\"wp-image-16701\" srcset=\"https:\/\/elmetidosv.com\/wp-content\/uploads\/2021\/08\/0000-64.jpg 360w, https:\/\/elmetidosv.com\/wp-content\/uploads\/2021\/08\/0000-64-300x200.jpg 300w\" sizes=\"auto, (max-width: 360px) 100vw, 360px\" \/><\/figure><\/li><li class=\"blocks-gallery-item\"><figure><img loading=\"lazy\" decoding=\"async\" width=\"360\" height=\"240\" src=\"http:\/\/elmetidosve.com\/wp-content\/uploads\/2021\/08\/000-67.jpg\" alt=\"\" data-id=\"16702\" data-full-url=\"http:\/\/elmetidosve.com\/wp-content\/uploads\/2021\/08\/000-67.jpg\" data-link=\"http:\/\/elmetidosve.com\/?attachment_id=16702\" class=\"wp-image-16702\" srcset=\"https:\/\/elmetidosv.com\/wp-content\/uploads\/2021\/08\/000-67.jpg 360w, https:\/\/elmetidosv.com\/wp-content\/uploads\/2021\/08\/000-67-300x200.jpg 300w\" sizes=\"auto, (max-width: 360px) 100vw, 360px\" \/><\/figure><\/li><\/ul><\/figure>\n\n\n\n<p>En las afueras del Hospital El Salvador, un grupo de salvadore\u00f1os celebr\u00f3 su regreso a sus hogares este martes, luego de recibir el alta m\u00e9dica tras superar al Covid-19.<\/p>\n\n\n\n<p>Fue un grupo de 22 salvadore\u00f1os el que sali\u00f3 del centro m\u00e9dico donde recibieron asistencia por parte de especialistas para poder vencer al virus y sus efectos.<\/p>\n\n\n\n<p>Todos concluyeron su tratamiento contra el Covid-19 y al ser despachados hacia sus hogares, recibieron un kit de medicamentos y vitaminas.<\/p>\n\n\n\n<p>La alegr\u00eda era muy notoria entre los pacientes y sus familiares, quienes pudieron reencontrarse luego de pasar por esta dif\u00edcil situaci\u00f3n.<\/p>\n\n\n\n<p>\u201cSon 14 hombres y ocho mujeres los que este d\u00eda regresan a sus hogares, luego de superar la enfermedad\u201d, indicaron las autoridades. A la fecha, en El Salvador se han recuperado 77,768 personas tras contraer el virus.<\/p>\n","protected":false},"excerpt":{"rendered":"<p>En las afueras del Hospital El Salvador, un grupo de salvadore\u00f1os celebr\u00f3 su regreso a sus hogares este martes, luego<\/p>\n","protected":false},"author":2,"featured_media":16702,"comment_status":"open","ping_status":"open","sticky":false,"template":"","format":"standard","meta":{"colormag_page_container_layout":"default_layout","colormag_page_sidebar_layout":"default_layout","footnotes":""},"categories":[1],"tags":[],"class_list":["post-16700","post","type-post","status-publish","format-standard","has-post-thumbnail","hentry","category-nacional"],"_links":{"self":[{"href":"https:\/\/elmetidosv.com\/index.php?rest_route=\/wp\/v2\/posts\/16700","targetHints":{"allow":["GET"]}}],"collection":[{"href":"https:\/\/elmetidosv.com\/index.php?rest_route=\/wp\/v2\/posts"}],"about":[{"href":"https:\/\/elmetidosv.com\/index.php?rest_route=\/wp\/v2\/types\/post"}],"author":[{"embeddable":true,"href":"https:\/\/elmetidosv.com\/index.php?rest_route=\/wp\/v2\/users\/2"}],"replies":[{"embeddable":true,"href":"https:\/\/elmetidosv.com\/index.php?rest_route=%2Fwp%2Fv2%2Fcomments&post=16700"}],"version-history":[{"count":1,"href":"https:\/\/elmetidosv.com\/index.php?rest_route=\/wp\/v2\/posts\/16700\/revisions"}],"predecessor-version":[{"id":16703,"href":"https:\/\/elmetidosv.com\/index.php?rest_route=\/wp\/v2\/posts\/16700\/revisions\/16703"}],"wp:featuredmedia":[{"embeddable":true,"href":"https:\/\/elmetidosv.com\/index.php?rest_route=\/wp\/v2\/media\/16702"}],"wp:attachment":[{"href":"https:\/\/elmetidosv.com\/index.php?rest_route=%2Fwp%2Fv2%2Fmedia&parent=16700"}],"wp:term":[{"taxonomy":"category","embeddable":true,"href":"https:\/\/elmetidosv.com\/index.php?rest_route=%2Fwp%2Fv2%2Fcategories&post=16700"},{"taxonomy":"post_tag","embeddable":true,"href":"https:\/\/elmetidosv.com\/index.php?rest_route=%2Fwp%2Fv2%2Ftags&post=16700"}],"curies":[{"name":"wp","href":"https:\/\/api.w.org\/{rel}","templated":true}]}}