{"id":16683,"date":"2021-08-17T16:41:48","date_gmt":"2021-08-17T22:41:48","guid":{"rendered":"http:\/\/elmetidosve.com\/?p=16683"},"modified":"2021-08-17T16:41:56","modified_gmt":"2021-08-17T22:41:56","slug":"sancionan-a-microbusero-por-alza-ilegal-a-la-tarifa-del-pasaje","status":"publish","type":"post","link":"https:\/\/elmetidosv.com\/?p=16683","title":{"rendered":"Sancionan a microbusero por alza ilegal a la tarifa del pasaje"},"content":{"rendered":"\n<p>Elementos del Viceministerio de Transporte (VMT), en coordinaci\u00f3n con la Divisi\u00f3n de Tr\u00e1nsito de la Polic\u00eda Nacional Civil (PNC), sancionaron a un microbusero del transporte p\u00fablico por subir la tarifa del pasaje de forma ilegal.<\/p>\n\n\n\n<p>De acuerdo con el reporte del VMT, fueron los mismos usuarios del transporte p\u00fablico quienes denunciaron el alza del pasaje, por lo que se procedi\u00f3 a sancionar al motorista de la ruta 42.<\/p>\n\n\n\n<p>Asimismo, se verific\u00f3 que tanto el conductor como las unidades cumplan con toda la documentaci\u00f3n requerida por las autoridades.<\/p>\n\n\n\n<p>Las autoridades del VMT destacaron que Los controles se llevan a cabo para verificar el cumplimento de la Ley de tr\u00e1nsito y medidas de bioseguridad.<\/p>\n","protected":false},"excerpt":{"rendered":"<p>Elementos del Viceministerio de Transporte (VMT), en coordinaci\u00f3n con la Divisi\u00f3n de Tr\u00e1nsito de la Polic\u00eda Nacional Civil (PNC), sancionaron<\/p>\n","protected":false},"author":2,"featured_media":16684,"comment_status":"open","ping_status":"open","sticky":false,"template":"","format":"standard","meta":{"colormag_page_container_layout":"default_layout","colormag_page_sidebar_layout":"default_layout","footnotes":""},"categories":[1],"tags":[],"class_list":["post-16683","post","type-post","status-publish","format-standard","has-post-thumbnail","hentry","category-nacional"],"_links":{"self":[{"href":"https:\/\/elmetidosv.com\/index.php?rest_route=\/wp\/v2\/posts\/16683","targetHints":{"allow":["GET"]}}],"collection":[{"href":"https:\/\/elmetidosv.com\/index.php?rest_route=\/wp\/v2\/posts"}],"about":[{"href":"https:\/\/elmetidosv.com\/index.php?rest_route=\/wp\/v2\/types\/post"}],"author":[{"embeddable":true,"href":"https:\/\/elmetidosv.com\/index.php?rest_route=\/wp\/v2\/users\/2"}],"replies":[{"embeddable":true,"href":"https:\/\/elmetidosv.com\/index.php?rest_route=%2Fwp%2Fv2%2Fcomments&post=16683"}],"version-history":[{"count":1,"href":"https:\/\/elmetidosv.com\/index.php?rest_route=\/wp\/v2\/posts\/16683\/revisions"}],"predecessor-version":[{"id":16685,"href":"https:\/\/elmetidosv.com\/index.php?rest_route=\/wp\/v2\/posts\/16683\/revisions\/16685"}],"wp:featuredmedia":[{"embeddable":true,"href":"https:\/\/elmetidosv.com\/index.php?rest_route=\/wp\/v2\/media\/16684"}],"wp:attachment":[{"href":"https:\/\/elmetidosv.com\/index.php?rest_route=%2Fwp%2Fv2%2Fmedia&parent=16683"}],"wp:term":[{"taxonomy":"category","embeddable":true,"href":"https:\/\/elmetidosv.com\/index.php?rest_route=%2Fwp%2Fv2%2Fcategories&post=16683"},{"taxonomy":"post_tag","embeddable":true,"href":"https:\/\/elmetidosv.com\/index.php?rest_route=%2Fwp%2Fv2%2Ftags&post=16683"}],"curies":[{"name":"wp","href":"https:\/\/api.w.org\/{rel}","templated":true}]}}