{"id":16649,"date":"2021-08-16T16:41:19","date_gmt":"2021-08-16T22:41:19","guid":{"rendered":"http:\/\/elmetidosve.com\/?p=16649"},"modified":"2021-08-16T16:41:29","modified_gmt":"2021-08-16T22:41:29","slug":"es-lo-que-han-querido-con-venezuela-maduro-se-pronuncia-ante-las-acciones-de-ee-uu-en-afganistan","status":"publish","type":"post","link":"https:\/\/elmetidosv.com\/?p=16649","title":{"rendered":"\u00abEs lo que han querido con Venezuela\u00bb: Maduro se pronuncia ante las acciones de EE.UU. en Afganist\u00e1n"},"content":{"rendered":"\n<p>El presidente de Venezuela, Nicol\u00e1s Maduro, advirti\u00f3 este lunes que la pol\u00edtica que EE.UU.&nbsp;ha aplicado&nbsp;en Afganist\u00e1n es ejemplo de lo que Washington&nbsp;ha pretendido hacer contra los venezolanos durante las \u00faltimas dos d\u00e9cadas.<\/p>\n\n\n\n<p>A trav\u00e9s de Twitter, el mandatario venezolano se refiri\u00f3 al fracaso de \u00ab<strong>la pol\u00edtica intervencionista y guerrerista del imperio en el mundo<\/strong>\u00bb y asegur\u00f3 que eso&nbsp;\u00abha quedado en evidencia\u00bb en Oriente Medio, con el caso de Afganist\u00e1n.<\/p>\n\n\n\n<p>\u00abEE.UU. se retira de Afganist\u00e1n, 20 a\u00f1os despu\u00e9s de ocupaci\u00f3n militar,<strong>\u00a0dejando un pa\u00eds en guerra civil<\/strong>. \u00a1Es Terrible! Es lo que han querido con Venezuela\u00bb, se\u00f1al\u00f3 el presidente Maduro en la red social.<\/p>\n\n\n\n<p>Las declaraciones del presidente venezolano tienen como contexto&nbsp;<strong>la delicada situaci\u00f3n que se vive en Afganist\u00e1n y que se ha agravado durante este fin de semana<\/strong>, cuando grupos talibanes entraron el domingo a Kabul, la capital, y anunciaron que la toma de control del territorio afgano.<\/p>\n\n\n\n<p>Previamente, en horas del mediod\u00eda, durante una rueda de prensa con medios internacionales, Maduro\u00a0coment\u00f3\u00a0que su pa\u00eds hab\u00eda logrado\u00a0<strong>derrotar la pol\u00edtica del expresidente Donald Trump contra Venezuela<\/strong>, que buscaba su derrocamiento y la posterior imposici\u00f3n de\u00a0un Gobierno de facto, a trav\u00e9s de presi\u00f3n generada por las sanciones impuestas por Washington.<\/p>\n\n\n\n<p>El jefe de Estado venezolano tambi\u00e9n calific\u00f3 de \u00abgenocidas\u00bb las medidas punitivas contra su pa\u00eds, que han causado da\u00f1os por el orden de los 116.000 millones de d\u00f3lares, seg\u00fan cifras oficiales.<\/p>\n","protected":false},"excerpt":{"rendered":"<p>El presidente de Venezuela, Nicol\u00e1s Maduro, advirti\u00f3 este lunes que la pol\u00edtica que EE.UU.&nbsp;ha aplicado&nbsp;en Afganist\u00e1n es ejemplo de lo<\/p>\n","protected":false},"author":2,"featured_media":16650,"comment_status":"open","ping_status":"open","sticky":false,"template":"","format":"standard","meta":{"colormag_page_container_layout":"default_layout","colormag_page_sidebar_layout":"default_layout","footnotes":""},"categories":[3],"tags":[],"class_list":["post-16649","post","type-post","status-publish","format-standard","has-post-thumbnail","hentry","category-internacional"],"_links":{"self":[{"href":"https:\/\/elmetidosv.com\/index.php?rest_route=\/wp\/v2\/posts\/16649","targetHints":{"allow":["GET"]}}],"collection":[{"href":"https:\/\/elmetidosv.com\/index.php?rest_route=\/wp\/v2\/posts"}],"about":[{"href":"https:\/\/elmetidosv.com\/index.php?rest_route=\/wp\/v2\/types\/post"}],"author":[{"embeddable":true,"href":"https:\/\/elmetidosv.com\/index.php?rest_route=\/wp\/v2\/users\/2"}],"replies":[{"embeddable":true,"href":"https:\/\/elmetidosv.com\/index.php?rest_route=%2Fwp%2Fv2%2Fcomments&post=16649"}],"version-history":[{"count":1,"href":"https:\/\/elmetidosv.com\/index.php?rest_route=\/wp\/v2\/posts\/16649\/revisions"}],"predecessor-version":[{"id":16651,"href":"https:\/\/elmetidosv.com\/index.php?rest_route=\/wp\/v2\/posts\/16649\/revisions\/16651"}],"wp:featuredmedia":[{"embeddable":true,"href":"https:\/\/elmetidosv.com\/index.php?rest_route=\/wp\/v2\/media\/16650"}],"wp:attachment":[{"href":"https:\/\/elmetidosv.com\/index.php?rest_route=%2Fwp%2Fv2%2Fmedia&parent=16649"}],"wp:term":[{"taxonomy":"category","embeddable":true,"href":"https:\/\/elmetidosv.com\/index.php?rest_route=%2Fwp%2Fv2%2Fcategories&post=16649"},{"taxonomy":"post_tag","embeddable":true,"href":"https:\/\/elmetidosv.com\/index.php?rest_route=%2Fwp%2Fv2%2Ftags&post=16649"}],"curies":[{"name":"wp","href":"https:\/\/api.w.org\/{rel}","templated":true}]}}