{"id":1651,"date":"2020-04-21T19:38:57","date_gmt":"2020-04-22T01:38:57","guid":{"rendered":"http:\/\/elmetidosve.com\/?p=1651"},"modified":"2020-04-21T19:39:04","modified_gmt":"2020-04-22T01:39:04","slug":"alcaldia-de-quezaltepeque-intensifica-medidas-contra-el-covid-19-de-acuerdo-a-disposicion-presidencial","status":"publish","type":"post","link":"https:\/\/elmetidosv.com\/?p=1651","title":{"rendered":"Alcald\u00eda de Quezaltepeque intensifica medidas contra el Covid-19 de acuerdo a disposici\u00f3n presidencial"},"content":{"rendered":"\n<figure class=\"wp-block-gallery columns-3 is-cropped wp-block-gallery-1 is-layout-flex wp-block-gallery-is-layout-flex\"><ul class=\"blocks-gallery-grid\"><li class=\"blocks-gallery-item\"><figure><img loading=\"lazy\" decoding=\"async\" width=\"419\" height=\"280\" src=\"http:\/\/elmetidosve.com\/wp-content\/uploads\/2020\/04\/000000000000000-49.jpg\" alt=\"\" data-id=\"1652\" data-full-url=\"http:\/\/elmetidosve.com\/wp-content\/uploads\/2020\/04\/000000000000000-49.jpg\" data-link=\"http:\/\/elmetidosve.com\/?attachment_id=1652\" class=\"wp-image-1652\" srcset=\"https:\/\/elmetidosv.com\/wp-content\/uploads\/2020\/04\/000000000000000-49.jpg 419w, https:\/\/elmetidosv.com\/wp-content\/uploads\/2020\/04\/000000000000000-49-300x200.jpg 300w\" sizes=\"auto, (max-width: 419px) 100vw, 419px\" \/><\/figure><\/li><li class=\"blocks-gallery-item\"><figure><img loading=\"lazy\" decoding=\"async\" width=\"420\" height=\"280\" src=\"http:\/\/elmetidosve.com\/wp-content\/uploads\/2020\/04\/00000-14.jpg\" alt=\"\" data-id=\"1653\" data-full-url=\"http:\/\/elmetidosve.com\/wp-content\/uploads\/2020\/04\/00000-14.jpg\" data-link=\"http:\/\/elmetidosve.com\/?attachment_id=1653\" class=\"wp-image-1653\" srcset=\"https:\/\/elmetidosv.com\/wp-content\/uploads\/2020\/04\/00000-14.jpg 420w, https:\/\/elmetidosv.com\/wp-content\/uploads\/2020\/04\/00000-14-300x200.jpg 300w\" sizes=\"auto, (max-width: 420px) 100vw, 420px\" \/><\/figure><\/li><li class=\"blocks-gallery-item\"><figure><img loading=\"lazy\" decoding=\"async\" width=\"955\" height=\"505\" src=\"http:\/\/elmetidosve.com\/wp-content\/uploads\/2020\/04\/0000-8.jpg\" alt=\"\" data-id=\"1654\" data-full-url=\"http:\/\/elmetidosve.com\/wp-content\/uploads\/2020\/04\/0000-8.jpg\" data-link=\"http:\/\/elmetidosve.com\/?attachment_id=1654\" class=\"wp-image-1654\" srcset=\"https:\/\/elmetidosv.com\/wp-content\/uploads\/2020\/04\/0000-8.jpg 955w, https:\/\/elmetidosv.com\/wp-content\/uploads\/2020\/04\/0000-8-300x159.jpg 300w, https:\/\/elmetidosv.com\/wp-content\/uploads\/2020\/04\/0000-8-768x406.jpg 768w, https:\/\/elmetidosv.com\/wp-content\/uploads\/2020\/04\/0000-8-390x205.jpg 390w\" sizes=\"auto, (max-width: 955px) 100vw, 955px\" \/><\/figure><\/li><\/ul><\/figure>\n\n\n\n<p>En apego a las disposiciones del Presidente de la Rep\u00fablica, Nayib Bukele, la Alcald\u00eda Municipal de Quezaltepeque se ha sumado al esfuerzo por combatir el coronavirus con una serie de medidas preventivas.<\/p>\n\n\n\n<p>El edil de Quezaltepeque, Salvador Saget, y la Comisi\u00f3n de Protecci\u00f3n Civil local han atendido el llamado para establecer medidas adicionales a las que implementa el Gobierno Central, con la finalidad de mantener la seguridad y conciencia en los quezaltecos.<\/p>\n\n\n\n<p>Entre las acciones que se realizan en dicho municipio se encuentra el control y sanitizacion para peatones en entrada del mercado. Tambi\u00e9n se ha realizado entrega de alcohol gel y mascarillas.<\/p>\n\n\n\n<p>De igual manera, la municipalidad efect\u00faa desinfecci\u00f3n de calles principales y colonias aleda\u00f1as al municipio, entrega de v\u00edveres a las personas m\u00e1s necesitadas de los diferentes cantones del municipio.<\/p>\n\n\n\n<p>El alcalde Saget se ha unido a los patrullajes constantes a partir de las 6:00 de la tarde en coordinaci\u00f3n con el CAM, la PNC, Proteccion Civil y Fuerza Armanda, con el objetivo de hacer cumplir las medidas de cuarentena y prevenci\u00f3n establecidas por el presidente Bukele.<\/p>\n\n\n\n<p>De acuerdo con un bolet\u00edn oficial, \u201cel municipio implementar\u00e1 m\u00e1s medidas sanitarias, para proteger a sus ciudadanos\u201d de posibles contagios del coronavirus. Cabe destacar que dicha localidad no cuenta con casos confirmados de esta enfermedad, seg\u00fan las estad\u00edsticas proporcionadas por el sitio oficial del Gobierno Central.<\/p>\n","protected":false},"excerpt":{"rendered":"<p>En apego a las disposiciones del Presidente de la Rep\u00fablica, Nayib Bukele, la Alcald\u00eda Municipal de Quezaltepeque se ha sumado<\/p>\n","protected":false},"author":1,"featured_media":1654,"comment_status":"open","ping_status":"open","sticky":false,"template":"","format":"standard","meta":{"colormag_page_container_layout":"default_layout","colormag_page_sidebar_layout":"default_layout","footnotes":""},"categories":[1],"tags":[],"class_list":["post-1651","post","type-post","status-publish","format-standard","has-post-thumbnail","hentry","category-nacional"],"_links":{"self":[{"href":"https:\/\/elmetidosv.com\/index.php?rest_route=\/wp\/v2\/posts\/1651","targetHints":{"allow":["GET"]}}],"collection":[{"href":"https:\/\/elmetidosv.com\/index.php?rest_route=\/wp\/v2\/posts"}],"about":[{"href":"https:\/\/elmetidosv.com\/index.php?rest_route=\/wp\/v2\/types\/post"}],"author":[{"embeddable":true,"href":"https:\/\/elmetidosv.com\/index.php?rest_route=\/wp\/v2\/users\/1"}],"replies":[{"embeddable":true,"href":"https:\/\/elmetidosv.com\/index.php?rest_route=%2Fwp%2Fv2%2Fcomments&post=1651"}],"version-history":[{"count":1,"href":"https:\/\/elmetidosv.com\/index.php?rest_route=\/wp\/v2\/posts\/1651\/revisions"}],"predecessor-version":[{"id":1655,"href":"https:\/\/elmetidosv.com\/index.php?rest_route=\/wp\/v2\/posts\/1651\/revisions\/1655"}],"wp:featuredmedia":[{"embeddable":true,"href":"https:\/\/elmetidosv.com\/index.php?rest_route=\/wp\/v2\/media\/1654"}],"wp:attachment":[{"href":"https:\/\/elmetidosv.com\/index.php?rest_route=%2Fwp%2Fv2%2Fmedia&parent=1651"}],"wp:term":[{"taxonomy":"category","embeddable":true,"href":"https:\/\/elmetidosv.com\/index.php?rest_route=%2Fwp%2Fv2%2Fcategories&post=1651"},{"taxonomy":"post_tag","embeddable":true,"href":"https:\/\/elmetidosv.com\/index.php?rest_route=%2Fwp%2Fv2%2Ftags&post=1651"}],"curies":[{"name":"wp","href":"https:\/\/api.w.org\/{rel}","templated":true}]}}