{"id":16294,"date":"2021-08-02T19:10:18","date_gmt":"2021-08-03T01:10:18","guid":{"rendered":"http:\/\/elmetidosve.com\/?p=16294"},"modified":"2021-08-02T19:10:26","modified_gmt":"2021-08-03T01:10:26","slug":"el-presidente-de-afganistan-culpa-a-la-abrupta-retirada-de-ee-uu-del-deterioro-de-la-seguridad-en-el-pais","status":"publish","type":"post","link":"https:\/\/elmetidosv.com\/?p=16294","title":{"rendered":"El presidente de Afganist\u00e1n culpa a la \u00ababrupta\u00bb retirada de EE.UU. del deterioro de la seguridad en el pa\u00eds"},"content":{"rendered":"\n<p>El presidente de Afganist\u00e1n, Ashraf Ghani, ha culpado del deterioro de la seguridad en el pa\u00eds a la retirada \u00ababrupta\u00bb de las tropas de Estados Unidos.<\/p>\n\n\n\n<p>Los talibanes\u00a0han librado\u00a0<strong>una ofensiva abrumadora en todo Afganist\u00e1n<\/strong>\u00a0desde que las fuerzas estadounidenses y de la OTAN anunciaran su\u00a0salida del pa\u00eds a principios de mayo, tomando decenas de distritos rurales y despertando temores de que el Gobierno entre en crisis.<\/p>\n\n\n\n<p>\u00abLa raz\u00f3n de nuestra situaci\u00f3n actual es que la decisi\u00f3n se tom\u00f3 de forma abrupta\u00bb, asever\u00f3 Ghani, citado por\u00a0AFP,\u00a0al presentar\u00a0este lunes su\u00a0plan de seguridad ante el Parlamento afgano, donde agreg\u00f3 que hab\u00eda advertido con anterioridad a Washington de que la retirada tendr\u00eda \u00abconsecuencias\u00bb.<\/p>\n\n\n\n<p>En las \u00faltimas semanas, el avance de los talibanes se ha intensificado y sus militantes\u00a0incluso llegaron a\u00a0afirmar haberse hecho con el control de m\u00e1s del 90 % del territorio afgano. Por su parte, Kabul\u00a0desminti\u00f3\u00a0estas afirmaciones y rest\u00f3\u00a0importancia a\u00a0los avances conseguidos por los insurgentes este verano, se\u00f1alando que carecen de valor estrat\u00e9gico, pero sin lograr revertir su ofensiva.<\/p>\n\n\n\n<p>En ese sentido, el presidente afgano dijo que las autoridades hab\u00edan elaborado un plan para frenar a los talibanes, asegurando que la situaci\u00f3n en la naci\u00f3n devastada por la guerra estar\u00e1 \u00abbajo control dentro de seis meses\u00bb. Asimismo,&nbsp;<strong>reconoci\u00f3 que los talibanes ya no eran un \u00abmovimiento disperso e inexperto\u00bb<\/strong>.<\/p>\n\n\n\n<p>Despu\u00e9s de su discurso, ambas c\u00e1maras del Parlamento emitieron una declaraci\u00f3n conjunta expresando su respaldo al plan de seguridad de Ghani. Asimismo, los legisladores declararon su apoyo \u00abfirme\u00bb a los derechos humanos y de las mujeres, la libertad de expresi\u00f3n y al Ej\u00e9rcito Nacional Afgano, \u00abque sacrifica sus vidas por la naci\u00f3n\u00bb.<\/p>\n\n\n\n<p>En respuesta, el grupo talib\u00e1n emiti\u00f3 una declaraci\u00f3n a los medios, calificando las declaraciones del mandatario afgano de \u00abtonter\u00edas\u00bb y advirtiendo a Ghani de que \u00absu tiempo se acab\u00f3\u00bb, rese\u00f1a\u00a0Al Jazeera.<\/p>\n\n\n\n<p>\u00abEstaba tratando de controlar su propio mal estado [mental] y sus errores\u00bb, aseveraron los insurgentes en un comunicado. \u00abLa naci\u00f3n ha decidido enjuiciar a los traidores nacionales y llevarlos ante la Justicia. Declaraciones de guerra, hacer acusaciones y proporcionar informaci\u00f3n falsa no pueden prolongar la vida de Ghani\u00bb, concluyeron.<\/p>\n","protected":false},"excerpt":{"rendered":"<p>El presidente de Afganist\u00e1n, Ashraf Ghani, ha culpado del deterioro de la seguridad en el pa\u00eds a la retirada \u00ababrupta\u00bb<\/p>\n","protected":false},"author":2,"featured_media":16295,"comment_status":"open","ping_status":"open","sticky":false,"template":"","format":"standard","meta":{"colormag_page_container_layout":"default_layout","colormag_page_sidebar_layout":"default_layout","footnotes":""},"categories":[3],"tags":[],"class_list":["post-16294","post","type-post","status-publish","format-standard","has-post-thumbnail","hentry","category-internacional"],"_links":{"self":[{"href":"https:\/\/elmetidosv.com\/index.php?rest_route=\/wp\/v2\/posts\/16294","targetHints":{"allow":["GET"]}}],"collection":[{"href":"https:\/\/elmetidosv.com\/index.php?rest_route=\/wp\/v2\/posts"}],"about":[{"href":"https:\/\/elmetidosv.com\/index.php?rest_route=\/wp\/v2\/types\/post"}],"author":[{"embeddable":true,"href":"https:\/\/elmetidosv.com\/index.php?rest_route=\/wp\/v2\/users\/2"}],"replies":[{"embeddable":true,"href":"https:\/\/elmetidosv.com\/index.php?rest_route=%2Fwp%2Fv2%2Fcomments&post=16294"}],"version-history":[{"count":1,"href":"https:\/\/elmetidosv.com\/index.php?rest_route=\/wp\/v2\/posts\/16294\/revisions"}],"predecessor-version":[{"id":16296,"href":"https:\/\/elmetidosv.com\/index.php?rest_route=\/wp\/v2\/posts\/16294\/revisions\/16296"}],"wp:featuredmedia":[{"embeddable":true,"href":"https:\/\/elmetidosv.com\/index.php?rest_route=\/wp\/v2\/media\/16295"}],"wp:attachment":[{"href":"https:\/\/elmetidosv.com\/index.php?rest_route=%2Fwp%2Fv2%2Fmedia&parent=16294"}],"wp:term":[{"taxonomy":"category","embeddable":true,"href":"https:\/\/elmetidosv.com\/index.php?rest_route=%2Fwp%2Fv2%2Fcategories&post=16294"},{"taxonomy":"post_tag","embeddable":true,"href":"https:\/\/elmetidosv.com\/index.php?rest_route=%2Fwp%2Fv2%2Ftags&post=16294"}],"curies":[{"name":"wp","href":"https:\/\/api.w.org\/{rel}","templated":true}]}}