{"id":16250,"date":"2021-07-30T18:14:43","date_gmt":"2021-07-31T00:14:43","guid":{"rendered":"http:\/\/elmetidosve.com\/?p=16250"},"modified":"2021-07-30T18:14:51","modified_gmt":"2021-07-31T00:14:51","slug":"el-reconocido-comediante-mexicano-sammy-perez-pierde-la-vida-tras-una-larga-batalla-contra-el-covid-19","status":"publish","type":"post","link":"https:\/\/elmetidosv.com\/?p=16250","title":{"rendered":"El reconocido comediante mexicano Sammy P\u00e9rez pierde la vida, tras una larga batalla contra el COVID-19"},"content":{"rendered":"\n<figure class=\"wp-block-gallery columns-2 is-cropped wp-block-gallery-1 is-layout-flex wp-block-gallery-is-layout-flex\"><ul class=\"blocks-gallery-grid\"><li class=\"blocks-gallery-item\"><figure><img loading=\"lazy\" decoding=\"async\" width=\"626\" height=\"419\" src=\"http:\/\/elmetidosve.com\/wp-content\/uploads\/2021\/07\/0000-122.jpg\" alt=\"\" data-id=\"16251\" data-link=\"http:\/\/elmetidosve.com\/?attachment_id=16251\" class=\"wp-image-16251\" srcset=\"https:\/\/elmetidosv.com\/wp-content\/uploads\/2021\/07\/0000-122.jpg 626w, https:\/\/elmetidosv.com\/wp-content\/uploads\/2021\/07\/0000-122-300x201.jpg 300w\" sizes=\"auto, (max-width: 626px) 100vw, 626px\" \/><\/figure><\/li><li class=\"blocks-gallery-item\"><figure><img loading=\"lazy\" decoding=\"async\" width=\"449\" height=\"300\" src=\"http:\/\/elmetidosve.com\/wp-content\/uploads\/2021\/07\/000-130.jpg\" alt=\"\" data-id=\"16252\" data-link=\"http:\/\/elmetidosve.com\/?attachment_id=16252\" class=\"wp-image-16252\" srcset=\"https:\/\/elmetidosv.com\/wp-content\/uploads\/2021\/07\/000-130.jpg 449w, https:\/\/elmetidosv.com\/wp-content\/uploads\/2021\/07\/000-130-300x200.jpg 300w\" sizes=\"auto, (max-width: 449px) 100vw, 449px\" \/><\/figure><\/li><li class=\"blocks-gallery-item\"><figure><img loading=\"lazy\" decoding=\"async\" width=\"627\" height=\"418\" src=\"http:\/\/elmetidosve.com\/wp-content\/uploads\/2021\/07\/000-131.jpg\" alt=\"\" data-id=\"16253\" data-full-url=\"http:\/\/elmetidosve.com\/wp-content\/uploads\/2021\/07\/000-131.jpg\" data-link=\"http:\/\/elmetidosve.com\/?attachment_id=16253\" class=\"wp-image-16253\" srcset=\"https:\/\/elmetidosv.com\/wp-content\/uploads\/2021\/07\/000-131.jpg 627w, https:\/\/elmetidosv.com\/wp-content\/uploads\/2021\/07\/000-131-300x200.jpg 300w\" sizes=\"auto, (max-width: 627px) 100vw, 627px\" \/><\/figure><\/li><\/ul><\/figure>\n\n\n\n<p>El reconocid\u00edsimo comediante mexicano Sammy P\u00e9rez perdi\u00f3 la vida, la madrugada de este viernes, tras una larga batalla contra el coronavirus COVID-19.<\/p>\n\n\n\n<p>La noticia se hizo de conocimiento p\u00fablico a trav\u00e9s de su cuenta Instagram, donde se inform\u00f3 que a las 03:50 a.m. sufri\u00f3 un infarto cardiovascular.<\/p>\n\n\n\n<p>\u201cHoy, a las 3:50 a.m., Sammy P\u00e9rez acaba de sufrir un infarto cardiovascular. Su corazoncito ha dejado de latir. Intentaron hacerle maniobras para salvar su vida pero no pudieron. Descansa en paz, Sammy P\u00e9rez. Nos dejas con un vac\u00edo muy grande en el coraz\u00f3n\u201d, fue el mensaje que se public\u00f3 en su cuenta Instagram.<\/p>\n\n\n\n<p>P\u00e9rez, de 55 a\u00f1os de edad, falleci\u00f3 tras una larga lucha contra el coronavirus que incluso oblig\u00f3 a los doctores a intubarlo. Ten\u00edas dos semanas de estar hospitalizado.<\/p>\n\n\n\n<p>De acuerdo con medios de su pa\u00eds, P\u00e9rez comenz\u00f3 su carrera en el programa \u201cEl calabozo\u201d en Telehit, de Televisa, el cual era conducido por Esteban Arce y el Burro Van Rankin.<\/p>\n\n\n\n<p>Luego, en 1997, su carrera despeg\u00f3 porque Eugenio Derbez lo invit\u00f3 a participar en el programa \u201cDerbez en cuando\u201d, adem\u00e1s form\u00f3 parte del equipo de comedia del Mundial de Alemania 2006 y las coberturas de los Ol\u00edmpicos de Beijing 2008 y Londres 2012.<\/p>\n","protected":false},"excerpt":{"rendered":"<p>El reconocid\u00edsimo comediante mexicano Sammy P\u00e9rez perdi\u00f3 la vida, la madrugada de este viernes, tras una larga batalla contra el<\/p>\n","protected":false},"author":2,"featured_media":16252,"comment_status":"open","ping_status":"open","sticky":false,"template":"","format":"standard","meta":{"colormag_page_container_layout":"default_layout","colormag_page_sidebar_layout":"default_layout","footnotes":""},"categories":[9],"tags":[],"class_list":["post-16250","post","type-post","status-publish","format-standard","has-post-thumbnail","hentry","category-espectaculos"],"_links":{"self":[{"href":"https:\/\/elmetidosv.com\/index.php?rest_route=\/wp\/v2\/posts\/16250","targetHints":{"allow":["GET"]}}],"collection":[{"href":"https:\/\/elmetidosv.com\/index.php?rest_route=\/wp\/v2\/posts"}],"about":[{"href":"https:\/\/elmetidosv.com\/index.php?rest_route=\/wp\/v2\/types\/post"}],"author":[{"embeddable":true,"href":"https:\/\/elmetidosv.com\/index.php?rest_route=\/wp\/v2\/users\/2"}],"replies":[{"embeddable":true,"href":"https:\/\/elmetidosv.com\/index.php?rest_route=%2Fwp%2Fv2%2Fcomments&post=16250"}],"version-history":[{"count":1,"href":"https:\/\/elmetidosv.com\/index.php?rest_route=\/wp\/v2\/posts\/16250\/revisions"}],"predecessor-version":[{"id":16254,"href":"https:\/\/elmetidosv.com\/index.php?rest_route=\/wp\/v2\/posts\/16250\/revisions\/16254"}],"wp:featuredmedia":[{"embeddable":true,"href":"https:\/\/elmetidosv.com\/index.php?rest_route=\/wp\/v2\/media\/16252"}],"wp:attachment":[{"href":"https:\/\/elmetidosv.com\/index.php?rest_route=%2Fwp%2Fv2%2Fmedia&parent=16250"}],"wp:term":[{"taxonomy":"category","embeddable":true,"href":"https:\/\/elmetidosv.com\/index.php?rest_route=%2Fwp%2Fv2%2Fcategories&post=16250"},{"taxonomy":"post_tag","embeddable":true,"href":"https:\/\/elmetidosv.com\/index.php?rest_route=%2Fwp%2Fv2%2Ftags&post=16250"}],"curies":[{"name":"wp","href":"https:\/\/api.w.org\/{rel}","templated":true}]}}