{"id":16092,"date":"2021-07-25T16:51:24","date_gmt":"2021-07-25T22:51:24","guid":{"rendered":"http:\/\/elmetidosve.com\/?p=16092"},"modified":"2021-07-25T16:51:32","modified_gmt":"2021-07-25T22:51:32","slug":"vmt-verifica-los-protocolos-de-bioseguridad-en-el-transporte-publico","status":"publish","type":"post","link":"https:\/\/elmetidosv.com\/?p=16092","title":{"rendered":"VMT verifica los protocolos de bioseguridad en el transporte p\u00fablico"},"content":{"rendered":"\n<p>El Gobierno del Presidente Nayib Bukele, a trav\u00e9s de la Polic\u00eda Nacional Civil y el Viceministerio de Transporte, no ha bajado la guardia con la estricta verificaci\u00f3n diaria de los protocolos de bioseguridad en el transporte p\u00fablico.<\/p>\n\n\n\n<p>Desde muy temprano de este domingo, los controles vehiculares se intensificaron en diferentes puntos del pa\u00eds, incluida la capital.<\/p>\n\n\n\n<p>Los agentes de la PNC y delegados del VMT verifican el uso obligatorio de mascarillas, distanciamiento social y el acceso de alcohol gel para los usuarios en las diferentes unidades de transporte, se inform\u00f3.<\/p>\n\n\n\n<p>Ante esto, las autoridades han reiterado el llamado del ministerio de Salud para acatar los protocolos emitidos por la Organizaci\u00f3n Mundial de la Salud para evitar un rebrote de la mortal pandemia.<\/p>\n\n\n\n<p>La exitosa estrategia del Gobierno del Presidente Nayib Bukele contra el virus ha evitado que El Salvador sea afectado por un segundo brote, contrario a pa\u00edses vecinos que est\u00e1n batallando con una tercera y hasta cuarta ola.<\/p>\n","protected":false},"excerpt":{"rendered":"<p>El Gobierno del Presidente Nayib Bukele, a trav\u00e9s de la Polic\u00eda Nacional Civil y el Viceministerio de Transporte, no ha<\/p>\n","protected":false},"author":2,"featured_media":16093,"comment_status":"open","ping_status":"open","sticky":false,"template":"","format":"standard","meta":{"colormag_page_container_layout":"default_layout","colormag_page_sidebar_layout":"default_layout","footnotes":""},"categories":[1],"tags":[],"class_list":["post-16092","post","type-post","status-publish","format-standard","has-post-thumbnail","hentry","category-nacional"],"_links":{"self":[{"href":"https:\/\/elmetidosv.com\/index.php?rest_route=\/wp\/v2\/posts\/16092","targetHints":{"allow":["GET"]}}],"collection":[{"href":"https:\/\/elmetidosv.com\/index.php?rest_route=\/wp\/v2\/posts"}],"about":[{"href":"https:\/\/elmetidosv.com\/index.php?rest_route=\/wp\/v2\/types\/post"}],"author":[{"embeddable":true,"href":"https:\/\/elmetidosv.com\/index.php?rest_route=\/wp\/v2\/users\/2"}],"replies":[{"embeddable":true,"href":"https:\/\/elmetidosv.com\/index.php?rest_route=%2Fwp%2Fv2%2Fcomments&post=16092"}],"version-history":[{"count":1,"href":"https:\/\/elmetidosv.com\/index.php?rest_route=\/wp\/v2\/posts\/16092\/revisions"}],"predecessor-version":[{"id":16094,"href":"https:\/\/elmetidosv.com\/index.php?rest_route=\/wp\/v2\/posts\/16092\/revisions\/16094"}],"wp:featuredmedia":[{"embeddable":true,"href":"https:\/\/elmetidosv.com\/index.php?rest_route=\/wp\/v2\/media\/16093"}],"wp:attachment":[{"href":"https:\/\/elmetidosv.com\/index.php?rest_route=%2Fwp%2Fv2%2Fmedia&parent=16092"}],"wp:term":[{"taxonomy":"category","embeddable":true,"href":"https:\/\/elmetidosv.com\/index.php?rest_route=%2Fwp%2Fv2%2Fcategories&post=16092"},{"taxonomy":"post_tag","embeddable":true,"href":"https:\/\/elmetidosv.com\/index.php?rest_route=%2Fwp%2Fv2%2Ftags&post=16092"}],"curies":[{"name":"wp","href":"https:\/\/api.w.org\/{rel}","templated":true}]}}