{"id":1592,"date":"2020-04-18T13:40:24","date_gmt":"2020-04-18T19:40:24","guid":{"rendered":"http:\/\/elmetidosve.com\/?p=1592"},"modified":"2020-04-18T13:40:30","modified_gmt":"2020-04-18T19:40:30","slug":"alcalde-de-san-luis-talpa-pide-cerco-sanitario-debido-a-que-la-poblacion-de-su-municipio-no-acata-la-cuarentena","status":"publish","type":"post","link":"https:\/\/elmetidosv.com\/?p=1592","title":{"rendered":"Alcalde de San Luis Talpa pide cerco sanitario debido a que la poblaci\u00f3n de su municipio no acata la cuarentena"},"content":{"rendered":"\n<p>El alcalde de San Luis Talpa, en La Paz, Salvador Men\u00e9ndez, pidi\u00f3 este s\u00e1bado al presidente de la Rep\u00fablica, Nayib Bukele, se establezca un cerco sanitario en el lugar, similar al que se ha desplegado en el Puerto de La Libertad.<\/p>\n\n\n\n<p>El jefe edilicio afirm\u00f3 que la poblaci\u00f3n de su municipio no acata la cuarentena domiciliar obligatoria y debido a eso es necesario instalar en el lugar un cerco sanitario para evitar m\u00e1s casos de COVID-19.<\/p>\n\n\n\n<p>\u201cPresidente Nayib Bukele como alcalde de San Luis Talpa, que he acatado todas las medidas que ha establecido para nuestro pa\u00eds, le pido que por favor establezca un cerco sanitario para mi municipio, debido a que la poblaci\u00f3n no acata la medida de quedarse en casa, para evitar m\u00e1s contagios\u201d, escribi\u00f3 Men\u00e9ndez en su cuenta de Twitter.<\/p>\n\n\n\n<p>De acuerdo con el \u00faltimo reporte de las autoridades de Salud, en el municipio de San Luis Talpa se ha confirmado un caso positivo de coronavirus.<br><\/p>\n","protected":false},"excerpt":{"rendered":"<p>El alcalde de San Luis Talpa, en La Paz, Salvador Men\u00e9ndez, pidi\u00f3 este s\u00e1bado al presidente de la Rep\u00fablica, Nayib<\/p>\n","protected":false},"author":1,"featured_media":1593,"comment_status":"open","ping_status":"open","sticky":false,"template":"","format":"standard","meta":{"colormag_page_container_layout":"default_layout","colormag_page_sidebar_layout":"default_layout","footnotes":""},"categories":[1],"tags":[],"class_list":["post-1592","post","type-post","status-publish","format-standard","has-post-thumbnail","hentry","category-nacional"],"_links":{"self":[{"href":"https:\/\/elmetidosv.com\/index.php?rest_route=\/wp\/v2\/posts\/1592","targetHints":{"allow":["GET"]}}],"collection":[{"href":"https:\/\/elmetidosv.com\/index.php?rest_route=\/wp\/v2\/posts"}],"about":[{"href":"https:\/\/elmetidosv.com\/index.php?rest_route=\/wp\/v2\/types\/post"}],"author":[{"embeddable":true,"href":"https:\/\/elmetidosv.com\/index.php?rest_route=\/wp\/v2\/users\/1"}],"replies":[{"embeddable":true,"href":"https:\/\/elmetidosv.com\/index.php?rest_route=%2Fwp%2Fv2%2Fcomments&post=1592"}],"version-history":[{"count":1,"href":"https:\/\/elmetidosv.com\/index.php?rest_route=\/wp\/v2\/posts\/1592\/revisions"}],"predecessor-version":[{"id":1594,"href":"https:\/\/elmetidosv.com\/index.php?rest_route=\/wp\/v2\/posts\/1592\/revisions\/1594"}],"wp:featuredmedia":[{"embeddable":true,"href":"https:\/\/elmetidosv.com\/index.php?rest_route=\/wp\/v2\/media\/1593"}],"wp:attachment":[{"href":"https:\/\/elmetidosv.com\/index.php?rest_route=%2Fwp%2Fv2%2Fmedia&parent=1592"}],"wp:term":[{"taxonomy":"category","embeddable":true,"href":"https:\/\/elmetidosv.com\/index.php?rest_route=%2Fwp%2Fv2%2Fcategories&post=1592"},{"taxonomy":"post_tag","embeddable":true,"href":"https:\/\/elmetidosv.com\/index.php?rest_route=%2Fwp%2Fv2%2Ftags&post=1592"}],"curies":[{"name":"wp","href":"https:\/\/api.w.org\/{rel}","templated":true}]}}