{"id":15896,"date":"2021-07-16T17:52:23","date_gmt":"2021-07-16T23:52:23","guid":{"rendered":"http:\/\/elmetidosve.com\/?p=15896"},"modified":"2021-07-16T17:52:30","modified_gmt":"2021-07-16T23:52:30","slug":"uruguay-llega-a-2-millones-de-personas-totalmente-vacunadas-contra-el-covid-19","status":"publish","type":"post","link":"https:\/\/elmetidosv.com\/?p=15896","title":{"rendered":"Uruguay llega a 2 millones de personas totalmente vacunadas contra el covid-19"},"content":{"rendered":"\n<p> Uruguay, con unos 3,5 millones de habitantes, alcanz\u00f3 este jueves la cifra de 2 millones de personas inoculadas con las dos dosis de la vacuna contra el covid-19, seg\u00fan el gobierno. <\/p>\n\n\n\n<p>Hasta este jueves, el pa\u00eds ha vacunado con ambas dosis a 2.009.554 personas, lo que se traduce en el 56,72% de la poblaci\u00f3n. En tanto, 2.448.844 personas han recibido una dosis, lo que equivale al 69,12% de la poblaci\u00f3n.<\/p>\n\n\n\n<p>En cuanto a cantidad de casos, este jueves el gobierno report\u00f3 345 nuevos contagios y el total de infectados desde el inicio de la pandemia es de 378.041. De ese total, 366.690 ya se recuperaron, seg\u00fan datos del Ministerio de Salud. Hasta la fecha, 5.865 personas han fallecido por el virus.<\/p>\n","protected":false},"excerpt":{"rendered":"<p>Uruguay, con unos 3,5 millones de habitantes, alcanz\u00f3 este jueves la cifra de 2 millones de personas inoculadas con las<\/p>\n","protected":false},"author":2,"featured_media":15897,"comment_status":"open","ping_status":"open","sticky":false,"template":"","format":"standard","meta":{"colormag_page_container_layout":"default_layout","colormag_page_sidebar_layout":"default_layout","footnotes":""},"categories":[3],"tags":[],"class_list":["post-15896","post","type-post","status-publish","format-standard","has-post-thumbnail","hentry","category-internacional"],"_links":{"self":[{"href":"https:\/\/elmetidosv.com\/index.php?rest_route=\/wp\/v2\/posts\/15896","targetHints":{"allow":["GET"]}}],"collection":[{"href":"https:\/\/elmetidosv.com\/index.php?rest_route=\/wp\/v2\/posts"}],"about":[{"href":"https:\/\/elmetidosv.com\/index.php?rest_route=\/wp\/v2\/types\/post"}],"author":[{"embeddable":true,"href":"https:\/\/elmetidosv.com\/index.php?rest_route=\/wp\/v2\/users\/2"}],"replies":[{"embeddable":true,"href":"https:\/\/elmetidosv.com\/index.php?rest_route=%2Fwp%2Fv2%2Fcomments&post=15896"}],"version-history":[{"count":1,"href":"https:\/\/elmetidosv.com\/index.php?rest_route=\/wp\/v2\/posts\/15896\/revisions"}],"predecessor-version":[{"id":15898,"href":"https:\/\/elmetidosv.com\/index.php?rest_route=\/wp\/v2\/posts\/15896\/revisions\/15898"}],"wp:featuredmedia":[{"embeddable":true,"href":"https:\/\/elmetidosv.com\/index.php?rest_route=\/wp\/v2\/media\/15897"}],"wp:attachment":[{"href":"https:\/\/elmetidosv.com\/index.php?rest_route=%2Fwp%2Fv2%2Fmedia&parent=15896"}],"wp:term":[{"taxonomy":"category","embeddable":true,"href":"https:\/\/elmetidosv.com\/index.php?rest_route=%2Fwp%2Fv2%2Fcategories&post=15896"},{"taxonomy":"post_tag","embeddable":true,"href":"https:\/\/elmetidosv.com\/index.php?rest_route=%2Fwp%2Fv2%2Ftags&post=15896"}],"curies":[{"name":"wp","href":"https:\/\/api.w.org\/{rel}","templated":true}]}}