{"id":15890,"date":"2021-07-16T17:01:47","date_gmt":"2021-07-16T23:01:47","guid":{"rendered":"http:\/\/elmetidosve.com\/?p=15890"},"modified":"2021-07-16T17:01:54","modified_gmt":"2021-07-16T23:01:54","slug":"el-papa-francisco-restringe-el-uso-de-la-misa-en-latin-revirtiendo-la-decision-de-su-predecesor","status":"publish","type":"post","link":"https:\/\/elmetidosv.com\/?p=15890","title":{"rendered":"El papa Francisco restringe el uso de la misa en lat\u00edn, revirtiendo la decisi\u00f3n de su predecesor"},"content":{"rendered":"\n<p>El papa Francisco ha emitido nuevas reglas que restringen el uso de la misa en lat\u00edn, algo que previamente hab\u00eda sido alentado por su predecesor Benedicto XVI.<br><\/p>\n\n\n\n<p>En una carta a los obispos cat\u00f3licos publicada el viernes, Francisco dijo que las restricciones eran necesarias porque la reforma anterior se hab\u00eda convertido en una fuente de divisi\u00f3n entre quienes prefer\u00edan la misa en lat\u00edn y quienes aceptaban la liturgia actualizada posterior al Vaticano II.<\/p>\n\n\n\n<p>\u201cSe aprovech\u00f3 una oportunidad ofrecida por san Juan Pablo II y con mayor magnanimidad a\u00fan por Benedicto XVI, destinada a recuperar la unidad de un cuerpo eclesial con sensibilidades lit\u00fargicas diversas para ampliar brechas, reforzar divergencias y alentar discordancias que perjudican a la Iglesia, la bloquean camino y exponerla al peligro de la divisi\u00f3n\u201d, escribi\u00f3 el papa.<\/p>\n\n\n\n<p>La nueva ley, titulada Traditionis Custodes, requiere que los obispos aprueben cualquier celebraci\u00f3n de la Misa en Lat\u00edn en su di\u00f3cesis y proh\u00edbe que se celebre en las iglesias parroquiales.<\/p>\n\n\n\n<p>La ley tambi\u00e9n dice que cuando se celebra la misa en lat\u00edn, las lecturas deben realizarse en el idioma local y no en lat\u00edn.<\/p>\n\n\n\n<p>Cualquier sacerdote ordenado despu\u00e9s de la nueva ley que desee celebrar la Misa Tradicional en lat\u00edn debe recibir un permiso formal de su obispo, quien a su vez debe recibir el permiso del Vaticano.<\/p>\n\n\n\n<p>En 2007, el papa Benedicto XVI emiti\u00f3 Summorum Pontificum que ampli\u00f3 el acceso a la misa en lat\u00edn y anim\u00f3 a los sacerdotes a ofrecerla si as\u00ed lo solicitaban los fieles.<\/p>\n","protected":false},"excerpt":{"rendered":"<p>El papa Francisco ha emitido nuevas reglas que restringen el uso de la misa en lat\u00edn, algo que previamente hab\u00eda<\/p>\n","protected":false},"author":2,"featured_media":15891,"comment_status":"open","ping_status":"open","sticky":false,"template":"","format":"standard","meta":{"colormag_page_container_layout":"default_layout","colormag_page_sidebar_layout":"default_layout","footnotes":""},"categories":[3],"tags":[],"class_list":["post-15890","post","type-post","status-publish","format-standard","has-post-thumbnail","hentry","category-internacional"],"_links":{"self":[{"href":"https:\/\/elmetidosv.com\/index.php?rest_route=\/wp\/v2\/posts\/15890","targetHints":{"allow":["GET"]}}],"collection":[{"href":"https:\/\/elmetidosv.com\/index.php?rest_route=\/wp\/v2\/posts"}],"about":[{"href":"https:\/\/elmetidosv.com\/index.php?rest_route=\/wp\/v2\/types\/post"}],"author":[{"embeddable":true,"href":"https:\/\/elmetidosv.com\/index.php?rest_route=\/wp\/v2\/users\/2"}],"replies":[{"embeddable":true,"href":"https:\/\/elmetidosv.com\/index.php?rest_route=%2Fwp%2Fv2%2Fcomments&post=15890"}],"version-history":[{"count":1,"href":"https:\/\/elmetidosv.com\/index.php?rest_route=\/wp\/v2\/posts\/15890\/revisions"}],"predecessor-version":[{"id":15892,"href":"https:\/\/elmetidosv.com\/index.php?rest_route=\/wp\/v2\/posts\/15890\/revisions\/15892"}],"wp:featuredmedia":[{"embeddable":true,"href":"https:\/\/elmetidosv.com\/index.php?rest_route=\/wp\/v2\/media\/15891"}],"wp:attachment":[{"href":"https:\/\/elmetidosv.com\/index.php?rest_route=%2Fwp%2Fv2%2Fmedia&parent=15890"}],"wp:term":[{"taxonomy":"category","embeddable":true,"href":"https:\/\/elmetidosv.com\/index.php?rest_route=%2Fwp%2Fv2%2Fcategories&post=15890"},{"taxonomy":"post_tag","embeddable":true,"href":"https:\/\/elmetidosv.com\/index.php?rest_route=%2Fwp%2Fv2%2Ftags&post=15890"}],"curies":[{"name":"wp","href":"https:\/\/api.w.org\/{rel}","templated":true}]}}