{"id":15788,"date":"2021-07-12T12:41:00","date_gmt":"2021-07-12T18:41:00","guid":{"rendered":"http:\/\/elmetidosve.com\/?p=15788"},"modified":"2021-07-12T12:41:07","modified_gmt":"2021-07-12T18:41:07","slug":"tres-pandilleros-fueron-capturados-por-el-cargo-de-agrupaciones-ilicitas-en-el-oriente-del-pais","status":"publish","type":"post","link":"https:\/\/elmetidosv.com\/?p=15788","title":{"rendered":"Tres pandilleros fueron capturados por el cargo de agrupaciones il\u00edcitas en el oriente del pa\u00eds"},"content":{"rendered":"\n<p>Tres pandilleros fueron capturados por el cargo de agrupaciones il\u00edcitas en el oriente del pa\u00eds por agentes de la Polic\u00eda Nacional Civil (PNC).<\/p>\n\n\n\n<p>El procedimiento tuvo lugar en el departamento de Usulut\u00e1n como parte de las acciones del Plan Control Territorial.<\/p>\n\n\n\n<p>Se trata de Joel de Paz, Juan V\u00e1squez y Cristian Iv\u00e1n Flores, quienes adem\u00e1s ser\u00e1n procesados por el delito de resistencia.<\/p>\n\n\n\n<p>De acuerdo con el reporte, la Polic\u00eda hab\u00eda recibido varias denuncias ciudadanas donde aseguraban que estos delincuentes se dedicaban a generar zozobra en la zona<\/p>\n","protected":false},"excerpt":{"rendered":"<p>Tres pandilleros fueron capturados por el cargo de agrupaciones il\u00edcitas en el oriente del pa\u00eds por agentes de la Polic\u00eda<\/p>\n","protected":false},"author":2,"featured_media":15789,"comment_status":"open","ping_status":"open","sticky":false,"template":"","format":"standard","meta":{"colormag_page_container_layout":"default_layout","colormag_page_sidebar_layout":"default_layout","footnotes":""},"categories":[1],"tags":[],"class_list":["post-15788","post","type-post","status-publish","format-standard","has-post-thumbnail","hentry","category-nacional"],"_links":{"self":[{"href":"https:\/\/elmetidosv.com\/index.php?rest_route=\/wp\/v2\/posts\/15788","targetHints":{"allow":["GET"]}}],"collection":[{"href":"https:\/\/elmetidosv.com\/index.php?rest_route=\/wp\/v2\/posts"}],"about":[{"href":"https:\/\/elmetidosv.com\/index.php?rest_route=\/wp\/v2\/types\/post"}],"author":[{"embeddable":true,"href":"https:\/\/elmetidosv.com\/index.php?rest_route=\/wp\/v2\/users\/2"}],"replies":[{"embeddable":true,"href":"https:\/\/elmetidosv.com\/index.php?rest_route=%2Fwp%2Fv2%2Fcomments&post=15788"}],"version-history":[{"count":1,"href":"https:\/\/elmetidosv.com\/index.php?rest_route=\/wp\/v2\/posts\/15788\/revisions"}],"predecessor-version":[{"id":15790,"href":"https:\/\/elmetidosv.com\/index.php?rest_route=\/wp\/v2\/posts\/15788\/revisions\/15790"}],"wp:featuredmedia":[{"embeddable":true,"href":"https:\/\/elmetidosv.com\/index.php?rest_route=\/wp\/v2\/media\/15789"}],"wp:attachment":[{"href":"https:\/\/elmetidosv.com\/index.php?rest_route=%2Fwp%2Fv2%2Fmedia&parent=15788"}],"wp:term":[{"taxonomy":"category","embeddable":true,"href":"https:\/\/elmetidosv.com\/index.php?rest_route=%2Fwp%2Fv2%2Fcategories&post=15788"},{"taxonomy":"post_tag","embeddable":true,"href":"https:\/\/elmetidosv.com\/index.php?rest_route=%2Fwp%2Fv2%2Ftags&post=15788"}],"curies":[{"name":"wp","href":"https:\/\/api.w.org\/{rel}","templated":true}]}}