{"id":15542,"date":"2021-07-01T18:18:57","date_gmt":"2021-07-02T00:18:57","guid":{"rendered":"http:\/\/elmetidosve.com\/?p=15542"},"modified":"2021-07-01T18:19:05","modified_gmt":"2021-07-02T00:19:05","slug":"pnc-captura-a-siete-pandilleros-acusados-de-cometer-diferentes-hechos-delictivos","status":"publish","type":"post","link":"https:\/\/elmetidosv.com\/?p=15542","title":{"rendered":"PNC captura a siete pandilleros acusados de cometer diferentes hechos delictivos"},"content":{"rendered":"\n<p>La Polic\u00eda Nacional Civil (PNC) present\u00f3 este mi\u00e9rcoles a siete pandilleros acusados de cometer diferentes hechos delictivos, en los alrededores del municipio de Comasagua, La Libertad.<\/p>\n\n\n\n<p>De acuerdo con el informe policial, los pandilleros se les imputa el delito de homicidio a gravado, organizaciones terroristas, entre otros de los cuales la PNC mantiene las investigaciones.<\/p>\n\n\n\n<p>Entre los detenidos figura An\u00edbal Orlando L\u00f3pez, alias \u201cMaruchan\u201d, quien mantiene alto r\u00e9cord delincuencial, ya que es acusado de cometer m\u00faltiples cr\u00edmenes contra lugare\u00f1os.<\/p>\n\n\n\n<p>La captura de estos sujetos obedece a denuncias interpuestas por la ciudadan\u00eda en redes sociales, destaca la corporaci\u00f3n policial.<\/p>\n\n\n\n<p>En las pr\u00f3ximas horas los sujetos ser\u00e1n remitido a un tribunal correspondiente para que sean procesados por los delitos a los que se les imputa.<\/p>\n","protected":false},"excerpt":{"rendered":"<p>La Polic\u00eda Nacional Civil (PNC) present\u00f3 este mi\u00e9rcoles a siete pandilleros acusados de cometer diferentes hechos delictivos, en los alrededores<\/p>\n","protected":false},"author":2,"featured_media":15543,"comment_status":"open","ping_status":"open","sticky":false,"template":"","format":"standard","meta":{"colormag_page_container_layout":"default_layout","colormag_page_sidebar_layout":"default_layout","footnotes":""},"categories":[1],"tags":[],"class_list":["post-15542","post","type-post","status-publish","format-standard","has-post-thumbnail","hentry","category-nacional"],"_links":{"self":[{"href":"https:\/\/elmetidosv.com\/index.php?rest_route=\/wp\/v2\/posts\/15542","targetHints":{"allow":["GET"]}}],"collection":[{"href":"https:\/\/elmetidosv.com\/index.php?rest_route=\/wp\/v2\/posts"}],"about":[{"href":"https:\/\/elmetidosv.com\/index.php?rest_route=\/wp\/v2\/types\/post"}],"author":[{"embeddable":true,"href":"https:\/\/elmetidosv.com\/index.php?rest_route=\/wp\/v2\/users\/2"}],"replies":[{"embeddable":true,"href":"https:\/\/elmetidosv.com\/index.php?rest_route=%2Fwp%2Fv2%2Fcomments&post=15542"}],"version-history":[{"count":1,"href":"https:\/\/elmetidosv.com\/index.php?rest_route=\/wp\/v2\/posts\/15542\/revisions"}],"predecessor-version":[{"id":15544,"href":"https:\/\/elmetidosv.com\/index.php?rest_route=\/wp\/v2\/posts\/15542\/revisions\/15544"}],"wp:featuredmedia":[{"embeddable":true,"href":"https:\/\/elmetidosv.com\/index.php?rest_route=\/wp\/v2\/media\/15543"}],"wp:attachment":[{"href":"https:\/\/elmetidosv.com\/index.php?rest_route=%2Fwp%2Fv2%2Fmedia&parent=15542"}],"wp:term":[{"taxonomy":"category","embeddable":true,"href":"https:\/\/elmetidosv.com\/index.php?rest_route=%2Fwp%2Fv2%2Fcategories&post=15542"},{"taxonomy":"post_tag","embeddable":true,"href":"https:\/\/elmetidosv.com\/index.php?rest_route=%2Fwp%2Fv2%2Ftags&post=15542"}],"curies":[{"name":"wp","href":"https:\/\/api.w.org\/{rel}","templated":true}]}}