{"id":15520,"date":"2021-06-28T18:12:41","date_gmt":"2021-06-29T00:12:41","guid":{"rendered":"http:\/\/elmetidosve.com\/?p=15520"},"modified":"2021-06-28T18:12:49","modified_gmt":"2021-06-29T00:12:49","slug":"alberto-fernandez-demanda-a-la-opositora-patricia-bullrich-por-las-acusaciones-de-sobornos-en-las-negociaciones-con-pfizer","status":"publish","type":"post","link":"https:\/\/elmetidosv.com\/?p=15520","title":{"rendered":"Alberto Fern\u00e1ndez demanda a la opositora Patricia Bullrich por las acusaciones de sobornos en las negociaciones con Pfizer"},"content":{"rendered":"\n<p>El presidente de Argentina, Alberto Fern\u00e1ndez, interpuso una demanda en contra de Patricia Bullrich por&nbsp;las acusaciones&nbsp;de sobornos que hizo la opositora sobre las negociaciones del Gobierno argentino con el laboratorio estadounidense Pfizer para la adquisici\u00f3n de las vacunas contra el coronavirus.<\/p>\n\n\n\n<p>\u00abLa difamaci\u00f3n en relaci\u00f3n a las negociaciones con la vacuna del laboratorio Pfizer&nbsp;<strong>entra en etapa judicial<\/strong>\u00ab, inform\u00f3 Gregorio&nbsp;Dalb\u00f3n, el abogado del mandatario en esta causa, a trav\u00e9s de su cuenta en Twitter.<\/p>\n\n\n\n<p>El letrado detall\u00f3 que la demanda en contra de Bullrich es por 100 millones de pesos (poco m\u00e1s de un mill\u00f3n de d\u00f3lares);\u00a0<strong>dinero que, en caso de ganar, ser\u00e1 donado al Instituto Malbr\u00e1n<\/strong>, una instituci\u00f3n\u00a0dependiente del Ministerio de Ciencia y Tecnolog\u00eda que investiga y realiza estudios sobre el coronavirus.<\/p>\n\n\n\n<p>La demanda se interpuso luego de que fracasara una audiencia de mediaci\u00f3n celebrada el pasado 18 de junio sobre este caso, que se abri\u00f3 tras\u00a0las declaraciones televisivas de Bullrich, ratificadas luego en las redes sociales, en las que acus\u00f3 al Gobierno\u00a0argentino de haber intentado obtener \u00abretornos\u00bb en las negociaciones con Pfizer por la compra de vacunas contra el covid-19.<\/p>\n\n\n\n<p>En concreto,&nbsp;Bullrich, exministra de Seguridad de la administraci\u00f3n de Mauricio Macri (2015-2019) y actual titular del partido opositor Propuesta Republicana (PRO), afirm\u00f3&nbsp;en una entrevista que el exministro de Salud Gin\u00e9s Gonz\u00e1lez Garc\u00eda puso como condici\u00f3n para la compra de las vacunas de Pfizer&nbsp;la intervenci\u00f3n de un \u00abintermediario\u00bb, mediante el cual&nbsp;<strong>buscar\u00eda obtener&nbsp;un \u00abducto de dinero\u00bb<\/strong>. Adem\u00e1s, dijo que el presidente Fern\u00e1ndez estaba al tanto de la presunta trama.<\/p>\n\n\n\n<p>No obstante, estas acusaciones de la exfuncionaria en contra del Gobierno\u00a0<strong>fueron desmentidas por Pfizer<\/strong>, tanto\u00a0a trav\u00e9s de un comunicado como por los mismos\u00a0representantes del laboratorio en una audiencia p\u00fablica desarrollada en el Congreso de la Naci\u00f3n.<\/p>\n\n\n\n<h3 class=\"wp-block-heading\">\u00ab\u00daltimos tramos de las negociaciones\u00bb<\/h3>\n\n\n\n<p>La primera vacuna que aprob\u00f3 Argentina para combatir al coronavirus fue la de Pfizer; sin embargo, hasta ahora no la ha adquirido.<\/p>\n\n\n\n<p>En diciembre de 2020, el entonces&nbsp;ministro de Salud Gonz\u00e1lez Garc\u00eda&nbsp;inform\u00f3 que&nbsp;el laboratorio estadounidense&nbsp;<strong>exig\u00eda&nbsp;\u00abcondiciones inaceptables\u00bb<\/strong>&nbsp;para la firma del convenio.<\/p>\n\n\n\n<p>La semana pasada, la actual titular de Salud,\u00a0Carla Vizzotti, afirm\u00f3, en\u00a0entrevista\u00a0con radio Metro 951,\u00a0que el Gobierno \u00abest\u00e1 en los \u00faltimos tramos de las negociaciones con\u00a0Pfizer\u00bb.<\/p>\n","protected":false},"excerpt":{"rendered":"<p>El presidente de Argentina, Alberto Fern\u00e1ndez, interpuso una demanda en contra de Patricia Bullrich por&nbsp;las acusaciones&nbsp;de sobornos que hizo la<\/p>\n","protected":false},"author":2,"featured_media":15523,"comment_status":"open","ping_status":"open","sticky":false,"template":"","format":"standard","meta":{"colormag_page_container_layout":"default_layout","colormag_page_sidebar_layout":"default_layout","footnotes":""},"categories":[3],"tags":[],"class_list":["post-15520","post","type-post","status-publish","format-standard","has-post-thumbnail","hentry","category-internacional"],"_links":{"self":[{"href":"https:\/\/elmetidosv.com\/index.php?rest_route=\/wp\/v2\/posts\/15520","targetHints":{"allow":["GET"]}}],"collection":[{"href":"https:\/\/elmetidosv.com\/index.php?rest_route=\/wp\/v2\/posts"}],"about":[{"href":"https:\/\/elmetidosv.com\/index.php?rest_route=\/wp\/v2\/types\/post"}],"author":[{"embeddable":true,"href":"https:\/\/elmetidosv.com\/index.php?rest_route=\/wp\/v2\/users\/2"}],"replies":[{"embeddable":true,"href":"https:\/\/elmetidosv.com\/index.php?rest_route=%2Fwp%2Fv2%2Fcomments&post=15520"}],"version-history":[{"count":1,"href":"https:\/\/elmetidosv.com\/index.php?rest_route=\/wp\/v2\/posts\/15520\/revisions"}],"predecessor-version":[{"id":15524,"href":"https:\/\/elmetidosv.com\/index.php?rest_route=\/wp\/v2\/posts\/15520\/revisions\/15524"}],"wp:featuredmedia":[{"embeddable":true,"href":"https:\/\/elmetidosv.com\/index.php?rest_route=\/wp\/v2\/media\/15523"}],"wp:attachment":[{"href":"https:\/\/elmetidosv.com\/index.php?rest_route=%2Fwp%2Fv2%2Fmedia&parent=15520"}],"wp:term":[{"taxonomy":"category","embeddable":true,"href":"https:\/\/elmetidosv.com\/index.php?rest_route=%2Fwp%2Fv2%2Fcategories&post=15520"},{"taxonomy":"post_tag","embeddable":true,"href":"https:\/\/elmetidosv.com\/index.php?rest_route=%2Fwp%2Fv2%2Ftags&post=15520"}],"curies":[{"name":"wp","href":"https:\/\/api.w.org\/{rel}","templated":true}]}}