{"id":15456,"date":"2021-06-25T16:56:24","date_gmt":"2021-06-25T22:56:24","guid":{"rendered":"http:\/\/elmetidosve.com\/?p=15456"},"modified":"2021-06-25T16:56:32","modified_gmt":"2021-06-25T22:56:32","slug":"intentan-derribar-a-balazos-un-helicoptero-donde-era-trasladado-el-presidente-colombiano-ivan-duque","status":"publish","type":"post","link":"https:\/\/elmetidosv.com\/?p=15456","title":{"rendered":"Intentan derribar a balazos un helic\u00f3ptero donde era trasladado el presidente colombiano, Iv\u00e1n Duque"},"content":{"rendered":"\n<figure class=\"wp-block-gallery columns-2 is-cropped wp-block-gallery-1 is-layout-flex wp-block-gallery-is-layout-flex\"><ul class=\"blocks-gallery-grid\"><li class=\"blocks-gallery-item\"><figure><img loading=\"lazy\" decoding=\"async\" width=\"768\" height=\"1024\" src=\"http:\/\/elmetidosve.com\/wp-content\/uploads\/2021\/06\/0000-85.jpg\" alt=\"\" data-id=\"15457\" data-link=\"http:\/\/elmetidosve.com\/?attachment_id=15457\" class=\"wp-image-15457\" srcset=\"https:\/\/elmetidosv.com\/wp-content\/uploads\/2021\/06\/0000-85.jpg 768w, https:\/\/elmetidosv.com\/wp-content\/uploads\/2021\/06\/0000-85-225x300.jpg 225w\" sizes=\"auto, (max-width: 768px) 100vw, 768px\" \/><\/figure><\/li><li class=\"blocks-gallery-item\"><figure><img loading=\"lazy\" decoding=\"async\" width=\"768\" height=\"1024\" src=\"http:\/\/elmetidosve.com\/wp-content\/uploads\/2021\/06\/000-66.jpg\" alt=\"\" data-id=\"15458\" data-link=\"http:\/\/elmetidosve.com\/?attachment_id=15458\" class=\"wp-image-15458\" srcset=\"https:\/\/elmetidosv.com\/wp-content\/uploads\/2021\/06\/000-66.jpg 768w, https:\/\/elmetidosv.com\/wp-content\/uploads\/2021\/06\/000-66-225x300.jpg 225w\" sizes=\"auto, (max-width: 768px) 100vw, 768px\" \/><\/figure><\/li><li class=\"blocks-gallery-item\"><figure><img loading=\"lazy\" decoding=\"async\" width=\"768\" height=\"1024\" src=\"http:\/\/elmetidosve.com\/wp-content\/uploads\/2021\/06\/0000-86.jpg\" alt=\"\" data-id=\"15459\" data-full-url=\"http:\/\/elmetidosve.com\/wp-content\/uploads\/2021\/06\/0000-86.jpg\" data-link=\"http:\/\/elmetidosve.com\/?attachment_id=15459\" class=\"wp-image-15459\" srcset=\"https:\/\/elmetidosv.com\/wp-content\/uploads\/2021\/06\/0000-86.jpg 768w, https:\/\/elmetidosv.com\/wp-content\/uploads\/2021\/06\/0000-86-225x300.jpg 225w\" sizes=\"auto, (max-width: 768px) 100vw, 768px\" \/><\/figure><\/li><li class=\"blocks-gallery-item\"><figure><img loading=\"lazy\" decoding=\"async\" width=\"660\" height=\"371\" src=\"http:\/\/elmetidosve.com\/wp-content\/uploads\/2021\/06\/000-67.jpg\" alt=\"\" data-id=\"15460\" data-full-url=\"http:\/\/elmetidosve.com\/wp-content\/uploads\/2021\/06\/000-67.jpg\" data-link=\"http:\/\/elmetidosve.com\/?attachment_id=15460\" class=\"wp-image-15460\" srcset=\"https:\/\/elmetidosv.com\/wp-content\/uploads\/2021\/06\/000-67.jpg 660w, https:\/\/elmetidosv.com\/wp-content\/uploads\/2021\/06\/000-67-300x169.jpg 300w\" sizes=\"auto, (max-width: 660px) 100vw, 660px\" \/><\/figure><\/li><\/ul><\/figure>\n\n\n\n<p>El presidente Iv\u00e1n Duque sufri\u00f3 un atentado este viernes 25 de junio en la regi\u00f3n del Norte de Santander. Seg\u00fan se ha informado, el helic\u00f3ptero en el que se transportaba desde Sardinata a C\u00facuta recibi\u00f3 seis impactos de bala.<\/p>\n\n\n\n<p>Duque estaba en Sardinata revisando los avances de la estrategia de Paz con Legalidad y la campa\u00f1a por un Catatumbo Sostenible, junto a todo su Gabinete. En la nave tambi\u00e9n viajaban el Ministro de Defensa Diego Molano, y el Ministro del Interior, Daniel Palacios.<\/p>\n\n\n\n<p>Por lo que se conoce hasta el momento, el Jefe de Estado y el resto de la comitiva salieron ilesos del ataque. El mandatario, de hecho, ya se encuentra en la capital del Norte de Santander, desde donde dio sus primeras palabras tras el atentado:\u00bbEste atentado demuestra la cobard\u00eda de la delincuencia. No nos van a amedrentar\u00bb, pronuncio Iv\u00e1n Duque desde C\u00facuta.<\/p>\n\n\n\n<p>Las autoridades ya se encuentran en plena investigaci\u00f3n para esclarecer todos los hechos y averiguar los culpables.<\/p>\n","protected":false},"excerpt":{"rendered":"<p>El presidente Iv\u00e1n Duque sufri\u00f3 un atentado este viernes 25 de junio en la regi\u00f3n del Norte de Santander. Seg\u00fan<\/p>\n","protected":false},"author":2,"featured_media":15460,"comment_status":"open","ping_status":"open","sticky":false,"template":"","format":"standard","meta":{"colormag_page_container_layout":"default_layout","colormag_page_sidebar_layout":"default_layout","footnotes":""},"categories":[3],"tags":[],"class_list":["post-15456","post","type-post","status-publish","format-standard","has-post-thumbnail","hentry","category-internacional"],"_links":{"self":[{"href":"https:\/\/elmetidosv.com\/index.php?rest_route=\/wp\/v2\/posts\/15456","targetHints":{"allow":["GET"]}}],"collection":[{"href":"https:\/\/elmetidosv.com\/index.php?rest_route=\/wp\/v2\/posts"}],"about":[{"href":"https:\/\/elmetidosv.com\/index.php?rest_route=\/wp\/v2\/types\/post"}],"author":[{"embeddable":true,"href":"https:\/\/elmetidosv.com\/index.php?rest_route=\/wp\/v2\/users\/2"}],"replies":[{"embeddable":true,"href":"https:\/\/elmetidosv.com\/index.php?rest_route=%2Fwp%2Fv2%2Fcomments&post=15456"}],"version-history":[{"count":1,"href":"https:\/\/elmetidosv.com\/index.php?rest_route=\/wp\/v2\/posts\/15456\/revisions"}],"predecessor-version":[{"id":15461,"href":"https:\/\/elmetidosv.com\/index.php?rest_route=\/wp\/v2\/posts\/15456\/revisions\/15461"}],"wp:featuredmedia":[{"embeddable":true,"href":"https:\/\/elmetidosv.com\/index.php?rest_route=\/wp\/v2\/media\/15460"}],"wp:attachment":[{"href":"https:\/\/elmetidosv.com\/index.php?rest_route=%2Fwp%2Fv2%2Fmedia&parent=15456"}],"wp:term":[{"taxonomy":"category","embeddable":true,"href":"https:\/\/elmetidosv.com\/index.php?rest_route=%2Fwp%2Fv2%2Fcategories&post=15456"},{"taxonomy":"post_tag","embeddable":true,"href":"https:\/\/elmetidosv.com\/index.php?rest_route=%2Fwp%2Fv2%2Ftags&post=15456"}],"curies":[{"name":"wp","href":"https:\/\/api.w.org\/{rel}","templated":true}]}}