{"id":15384,"date":"2021-06-23T17:23:04","date_gmt":"2021-06-23T23:23:04","guid":{"rendered":"http:\/\/elmetidosve.com\/?p=15384"},"modified":"2021-06-23T17:23:17","modified_gmt":"2021-06-23T23:23:17","slug":"gobierno-inicio-la-distribucion-de-camas-para-los-hospitales-de-la-red-publica","status":"publish","type":"post","link":"https:\/\/elmetidosv.com\/?p=15384","title":{"rendered":"Gobierno inici\u00f3 la distribuci\u00f3n de camas para los hospitales de la red p\u00fablica"},"content":{"rendered":"\n<figure class=\"wp-block-gallery columns-2 is-cropped wp-block-gallery-1 is-layout-flex wp-block-gallery-is-layout-flex\"><ul class=\"blocks-gallery-grid\"><li class=\"blocks-gallery-item\"><figure><img loading=\"lazy\" decoding=\"async\" width=\"275\" height=\"183\" src=\"http:\/\/elmetidosve.com\/wp-content\/uploads\/2021\/06\/0000-77.jpg\" alt=\"\" data-id=\"15385\" data-full-url=\"http:\/\/elmetidosve.com\/wp-content\/uploads\/2021\/06\/0000-77.jpg\" data-link=\"http:\/\/elmetidosve.com\/?attachment_id=15385\" class=\"wp-image-15385\"\/><\/figure><\/li><li class=\"blocks-gallery-item\"><figure><img loading=\"lazy\" decoding=\"async\" width=\"1024\" height=\"597\" src=\"http:\/\/elmetidosve.com\/wp-content\/uploads\/2021\/06\/000-58-1024x597.jpg\" alt=\"\" data-id=\"15386\" data-full-url=\"http:\/\/elmetidosve.com\/wp-content\/uploads\/2021\/06\/000-58.jpg\" data-link=\"http:\/\/elmetidosve.com\/?attachment_id=15386\" class=\"wp-image-15386\" srcset=\"https:\/\/elmetidosv.com\/wp-content\/uploads\/2021\/06\/000-58-1024x597.jpg 1024w, https:\/\/elmetidosv.com\/wp-content\/uploads\/2021\/06\/000-58-300x175.jpg 300w, https:\/\/elmetidosv.com\/wp-content\/uploads\/2021\/06\/000-58-768x448.jpg 768w, https:\/\/elmetidosv.com\/wp-content\/uploads\/2021\/06\/000-58.jpg 1200w\" sizes=\"auto, (max-width: 1024px) 100vw, 1024px\" \/><\/figure><\/li><\/ul><\/figure>\n\n\n\n<p>Este mi\u00e9rcoles, el Gobierno inici\u00f3 la distribuci\u00f3n de camas para los hospitales de la red p\u00fablica en los departamentos de Usulut\u00e1n, Moraz\u00e1n, San Miguel y La Uni\u00f3n.<\/p>\n\n\n\n<p>El presidente Nayib Bukele anunci\u00f3 el pasado lunes la compra de estas camas que sustituir\u00e1n a las que actualmente se utilizan en los diversos nosocomios, las cuales ya cumplieron su vida \u00fatil hace mucho tiempo.<\/p>\n\n\n\n<p>Desde tempranas horas, el Ministerio de Salud inici\u00f3 con la log\u00edstica y cargamento de los camiones para la distribuci\u00f3n de las camas donde los ministros y viceministros de Salud junto con los titulares de Gobernaci\u00f3n y Obras P\u00fablicas acompa\u00f1an las caravanas de camiones hasta los destinos asignados en el oriente del pa\u00eds.<\/p>\n\n\n\n<p>\u201cEs un esfuerzo del Gobierno para cambiar como se manej\u00f3 el tema de salud. Se va a garantizar camas dignas, de calidad\u201d, mencion\u00f3 el ministro de Obras P\u00fablicas, Romeo Rodr\u00edguez. Las autoridades mencionaron que en la movilizaci\u00f3n y armado de estas se encuentran apoyando privados de libertad en fase de confianza que forman parte del Plan Cero Ocio.<\/p>\n\n\n\n<p>\u201cRenovaremos las camas del sistema de salud, algo que no se hab\u00eda hecho en 50 a\u00f1os\u201d, destac\u00f3 el ministro de Gobernaci\u00f3n.<\/p>\n\n\n\n<p>Por su parte, el ministro de Salud dijo: \u201cel presidente Nayib Bukele lo mencionaba, con esta adquisici\u00f3n son aproximadamente 50 % de las camas que van a ser sustituidas en una primera fase\u201d. En una segunda etapa ser\u00e1 renovado el resto de las camas, as\u00ed como atriles, mesas y resto del mobiliario sanitario, seg\u00fan el mandatario, para saldar deudas hist\u00f3ricas heredadas de administraciones anteriores.<\/p>\n","protected":false},"excerpt":{"rendered":"<p>Este mi\u00e9rcoles, el Gobierno inici\u00f3 la distribuci\u00f3n de camas para los hospitales de la red p\u00fablica en los departamentos de<\/p>\n","protected":false},"author":2,"featured_media":15385,"comment_status":"open","ping_status":"open","sticky":false,"template":"","format":"standard","meta":{"colormag_page_container_layout":"default_layout","colormag_page_sidebar_layout":"default_layout","footnotes":""},"categories":[1],"tags":[],"class_list":["post-15384","post","type-post","status-publish","format-standard","has-post-thumbnail","hentry","category-nacional"],"_links":{"self":[{"href":"https:\/\/elmetidosv.com\/index.php?rest_route=\/wp\/v2\/posts\/15384","targetHints":{"allow":["GET"]}}],"collection":[{"href":"https:\/\/elmetidosv.com\/index.php?rest_route=\/wp\/v2\/posts"}],"about":[{"href":"https:\/\/elmetidosv.com\/index.php?rest_route=\/wp\/v2\/types\/post"}],"author":[{"embeddable":true,"href":"https:\/\/elmetidosv.com\/index.php?rest_route=\/wp\/v2\/users\/2"}],"replies":[{"embeddable":true,"href":"https:\/\/elmetidosv.com\/index.php?rest_route=%2Fwp%2Fv2%2Fcomments&post=15384"}],"version-history":[{"count":1,"href":"https:\/\/elmetidosv.com\/index.php?rest_route=\/wp\/v2\/posts\/15384\/revisions"}],"predecessor-version":[{"id":15387,"href":"https:\/\/elmetidosv.com\/index.php?rest_route=\/wp\/v2\/posts\/15384\/revisions\/15387"}],"wp:featuredmedia":[{"embeddable":true,"href":"https:\/\/elmetidosv.com\/index.php?rest_route=\/wp\/v2\/media\/15385"}],"wp:attachment":[{"href":"https:\/\/elmetidosv.com\/index.php?rest_route=%2Fwp%2Fv2%2Fmedia&parent=15384"}],"wp:term":[{"taxonomy":"category","embeddable":true,"href":"https:\/\/elmetidosv.com\/index.php?rest_route=%2Fwp%2Fv2%2Fcategories&post=15384"},{"taxonomy":"post_tag","embeddable":true,"href":"https:\/\/elmetidosv.com\/index.php?rest_route=%2Fwp%2Fv2%2Ftags&post=15384"}],"curies":[{"name":"wp","href":"https:\/\/api.w.org\/{rel}","templated":true}]}}