{"id":15362,"date":"2021-06-22T16:43:07","date_gmt":"2021-06-22T22:43:07","guid":{"rendered":"http:\/\/elmetidosve.com\/?p=15362"},"modified":"2021-06-22T16:43:14","modified_gmt":"2021-06-22T22:43:14","slug":"la-ministra-de-educacion-presenta-propuestas-para-incorporar-mas-plazas-de-docentes","status":"publish","type":"post","link":"https:\/\/elmetidosv.com\/?p=15362","title":{"rendered":"La ministra de Educaci\u00f3n presenta propuestas para incorporar m\u00e1s plazas de docentes"},"content":{"rendered":"\n<p>La ministra de Educaci\u00f3n, Carla Hanan\u00eda de Varela, present\u00f3 este martes una pieza de correspondencia en la Asamblea Legislativa, para que se emita un decreto transitorio para que el Ministerio de Educaci\u00f3n sea quien incorpore m\u00e1s plazas de docentes al sistema p\u00fablico.<\/p>\n\n\n\n<p>Actualmente, es el Tribunal Calificador de la Carrera Docente, el que selecciona a los docentes para las plazas, pero la ministra sugiera que debe ser el Ministerio de Educaci\u00f3n.<\/p>\n\n\n\n<p>Lo que se busca es que los docentes que complementen las plazas vacantes actuales sean los id\u00f3neos y cumplan con el perfil requerido para optimizar la calidad educativa.<\/p>\n\n\n\n<p>\u201cQuiero decirles  a los padres de familia que, como ministra, tengo la responsabilidad porque sus hijos est\u00e9n en las mejores manos y porque as\u00ed lo mandata la ley\u201d, dijo la ministra.<\/p>\n\n\n\n<p>\u201cQue los maestros sean seleccionados por su capacidad, condici\u00f3n, \u00e9tica, condici\u00f3n psicoemocional, especialidad  y su lugar donde trabajan\u201d son, tambi\u00e9n, parte de los principios para el proceso de selecci\u00f3n, indic\u00f3 la ministra.<\/p>\n\n\n\n<p>En la presentaci\u00f3n de la propuesta estuvieron presentes los diputados de la comisi\u00f3n de Cultura y Educaci\u00f3n de la Asamblea Legislativa, quienes respaldaron la iniciativa.<\/p>\n","protected":false},"excerpt":{"rendered":"<p>La ministra de Educaci\u00f3n, Carla Hanan\u00eda de Varela, present\u00f3 este martes una pieza de correspondencia en la Asamblea Legislativa, para<\/p>\n","protected":false},"author":2,"featured_media":15363,"comment_status":"open","ping_status":"open","sticky":false,"template":"","format":"standard","meta":{"colormag_page_container_layout":"default_layout","colormag_page_sidebar_layout":"default_layout","footnotes":""},"categories":[1],"tags":[],"class_list":["post-15362","post","type-post","status-publish","format-standard","has-post-thumbnail","hentry","category-nacional"],"_links":{"self":[{"href":"https:\/\/elmetidosv.com\/index.php?rest_route=\/wp\/v2\/posts\/15362","targetHints":{"allow":["GET"]}}],"collection":[{"href":"https:\/\/elmetidosv.com\/index.php?rest_route=\/wp\/v2\/posts"}],"about":[{"href":"https:\/\/elmetidosv.com\/index.php?rest_route=\/wp\/v2\/types\/post"}],"author":[{"embeddable":true,"href":"https:\/\/elmetidosv.com\/index.php?rest_route=\/wp\/v2\/users\/2"}],"replies":[{"embeddable":true,"href":"https:\/\/elmetidosv.com\/index.php?rest_route=%2Fwp%2Fv2%2Fcomments&post=15362"}],"version-history":[{"count":1,"href":"https:\/\/elmetidosv.com\/index.php?rest_route=\/wp\/v2\/posts\/15362\/revisions"}],"predecessor-version":[{"id":15364,"href":"https:\/\/elmetidosv.com\/index.php?rest_route=\/wp\/v2\/posts\/15362\/revisions\/15364"}],"wp:featuredmedia":[{"embeddable":true,"href":"https:\/\/elmetidosv.com\/index.php?rest_route=\/wp\/v2\/media\/15363"}],"wp:attachment":[{"href":"https:\/\/elmetidosv.com\/index.php?rest_route=%2Fwp%2Fv2%2Fmedia&parent=15362"}],"wp:term":[{"taxonomy":"category","embeddable":true,"href":"https:\/\/elmetidosv.com\/index.php?rest_route=%2Fwp%2Fv2%2Fcategories&post=15362"},{"taxonomy":"post_tag","embeddable":true,"href":"https:\/\/elmetidosv.com\/index.php?rest_route=%2Fwp%2Fv2%2Ftags&post=15362"}],"curies":[{"name":"wp","href":"https:\/\/api.w.org\/{rel}","templated":true}]}}