{"id":15356,"date":"2021-06-22T10:46:44","date_gmt":"2021-06-22T16:46:44","guid":{"rendered":"http:\/\/elmetidosve.com\/?p=15356"},"modified":"2021-06-22T10:46:51","modified_gmt":"2021-06-22T16:46:51","slug":"autoridades-de-mop-y-fovial-supervisan-obra-de-mitigacion-en-quebrada-el-molino-santa-ana","status":"publish","type":"post","link":"https:\/\/elmetidosv.com\/?p=15356","title":{"rendered":"Autoridades de MOP y Fovial supervisan obra de mitigaci\u00f3n en quebrada El Molino, Santa Ana"},"content":{"rendered":"\n<figure class=\"wp-block-image size-large\"><img loading=\"lazy\" decoding=\"async\" width=\"1024\" height=\"682\" src=\"http:\/\/elmetidosve.com\/wp-content\/uploads\/2021\/06\/1-2-1024x682.jpg\" alt=\"\" class=\"wp-image-15357\" srcset=\"https:\/\/elmetidosv.com\/wp-content\/uploads\/2021\/06\/1-2-1024x682.jpg 1024w, https:\/\/elmetidosv.com\/wp-content\/uploads\/2021\/06\/1-2-300x200.jpg 300w, https:\/\/elmetidosv.com\/wp-content\/uploads\/2021\/06\/1-2-768x512.jpg 768w, https:\/\/elmetidosv.com\/wp-content\/uploads\/2021\/06\/1-2.jpg 1280w\" sizes=\"auto, (max-width: 1024px) 100vw, 1024px\" \/><\/figure>\n\n\n\n<p> El Licenciado Romeo Rodr\u00edguez, Ministro de Obras P\u00fablicas y Transporte, y el Ingeniero Alexander Beltr\u00e1n, Director Ejecutivo del Fondo de Conservaci\u00f3n Vial (Fovial), supervisaron la ejecuci\u00f3n de una obra de mitigaci\u00f3n en quebrada El Molino, Santa Ana. <\/p>\n\n\n\n<p>Las actividades consisten en excavaciones, demoliciones, rellenos y la construcci\u00f3n de un muro de mamposter\u00eda de piedra en el puente de la quebrada El Molino, aproximadamente a 200 metros del redondel Jos\u00e9 Mar\u00eda Escriv\u00e1 de Balaguer, sobre la antigua carretera a San Salvador. <\/p>\n\n\n\n<figure class=\"wp-block-image size-large\"><img loading=\"lazy\" decoding=\"async\" width=\"1024\" height=\"682\" src=\"http:\/\/elmetidosve.com\/wp-content\/uploads\/2021\/06\/11-1024x682.jpg\" alt=\"\" class=\"wp-image-15358\" srcset=\"https:\/\/elmetidosv.com\/wp-content\/uploads\/2021\/06\/11-1024x682.jpg 1024w, https:\/\/elmetidosv.com\/wp-content\/uploads\/2021\/06\/11-300x200.jpg 300w, https:\/\/elmetidosv.com\/wp-content\/uploads\/2021\/06\/11-768x512.jpg 768w, https:\/\/elmetidosv.com\/wp-content\/uploads\/2021\/06\/11.jpg 1280w\" sizes=\"auto, (max-width: 1024px) 100vw, 1024px\" \/><\/figure>\n\n\n\n<p>El 22 de mayo, se derrumb\u00f3 una parte del muro de contenci\u00f3n al lateral del puente que amenaz\u00f3 con causar da\u00f1o estructural a la obra de paso y la v\u00eda. Como medida de protecci\u00f3n, se han iniciado actividades para evitar el desgaste del talud, desde el 24 de mayo. A la fecha, se reporta un avance de 40 % en las obras. Si las condiciones de las lluvias lo permiten, se proyecta finalizar el 31 de julio de 2021. Esta obra beneficiar\u00e1 a m\u00e1s de 2,100 personas conductoras y 22,820 pasajeros que transitan diariamente por esta v\u00eda. \u201cEstamos monitoreando tres veces al d\u00eda todas las rutas de la red Fovial para detectar y mitigar a tiempo cualquier tipo de riesgo. <\/p>\n\n\n\n<figure class=\"wp-block-image size-large\"><img loading=\"lazy\" decoding=\"async\" width=\"1024\" height=\"576\" src=\"http:\/\/elmetidosve.com\/wp-content\/uploads\/2021\/06\/1111-1024x576.jpg\" alt=\"\" class=\"wp-image-15359\" srcset=\"https:\/\/elmetidosv.com\/wp-content\/uploads\/2021\/06\/1111-1024x576.jpg 1024w, https:\/\/elmetidosv.com\/wp-content\/uploads\/2021\/06\/1111-300x169.jpg 300w, https:\/\/elmetidosv.com\/wp-content\/uploads\/2021\/06\/1111-768x432.jpg 768w, https:\/\/elmetidosv.com\/wp-content\/uploads\/2021\/06\/1111.jpg 1280w\" sizes=\"auto, (max-width: 1024px) 100vw, 1024px\" \/><\/figure>\n\n\n\n<p>El objetivo de nuestro Plan de Prevenci\u00f3n es salvaguardar la vida de los salvadore\u00f1os ante cualquier emergencia en carretera\u201d, expres\u00f3 Beltr\u00e1n. <\/p>\n","protected":false},"excerpt":{"rendered":"<p>El Licenciado Romeo Rodr\u00edguez, Ministro de Obras P\u00fablicas y Transporte, y el Ingeniero Alexander Beltr\u00e1n, Director Ejecutivo del Fondo de<\/p>\n","protected":false},"author":1,"featured_media":15360,"comment_status":"open","ping_status":"open","sticky":false,"template":"","format":"standard","meta":{"colormag_page_container_layout":"default_layout","colormag_page_sidebar_layout":"default_layout","footnotes":""},"categories":[1],"tags":[],"class_list":["post-15356","post","type-post","status-publish","format-standard","has-post-thumbnail","hentry","category-nacional"],"_links":{"self":[{"href":"https:\/\/elmetidosv.com\/index.php?rest_route=\/wp\/v2\/posts\/15356","targetHints":{"allow":["GET"]}}],"collection":[{"href":"https:\/\/elmetidosv.com\/index.php?rest_route=\/wp\/v2\/posts"}],"about":[{"href":"https:\/\/elmetidosv.com\/index.php?rest_route=\/wp\/v2\/types\/post"}],"author":[{"embeddable":true,"href":"https:\/\/elmetidosv.com\/index.php?rest_route=\/wp\/v2\/users\/1"}],"replies":[{"embeddable":true,"href":"https:\/\/elmetidosv.com\/index.php?rest_route=%2Fwp%2Fv2%2Fcomments&post=15356"}],"version-history":[{"count":1,"href":"https:\/\/elmetidosv.com\/index.php?rest_route=\/wp\/v2\/posts\/15356\/revisions"}],"predecessor-version":[{"id":15361,"href":"https:\/\/elmetidosv.com\/index.php?rest_route=\/wp\/v2\/posts\/15356\/revisions\/15361"}],"wp:featuredmedia":[{"embeddable":true,"href":"https:\/\/elmetidosv.com\/index.php?rest_route=\/wp\/v2\/media\/15360"}],"wp:attachment":[{"href":"https:\/\/elmetidosv.com\/index.php?rest_route=%2Fwp%2Fv2%2Fmedia&parent=15356"}],"wp:term":[{"taxonomy":"category","embeddable":true,"href":"https:\/\/elmetidosv.com\/index.php?rest_route=%2Fwp%2Fv2%2Fcategories&post=15356"},{"taxonomy":"post_tag","embeddable":true,"href":"https:\/\/elmetidosv.com\/index.php?rest_route=%2Fwp%2Fv2%2Ftags&post=15356"}],"curies":[{"name":"wp","href":"https:\/\/api.w.org\/{rel}","templated":true}]}}