{"id":15317,"date":"2021-06-17T18:23:15","date_gmt":"2021-06-18T00:23:15","guid":{"rendered":"http:\/\/elmetidosve.com\/?p=15317"},"modified":"2021-06-17T18:23:25","modified_gmt":"2021-06-18T00:23:25","slug":"descartan-alza-de-contagios-de-covid-19-en-el-pais","status":"publish","type":"post","link":"https:\/\/elmetidosv.com\/?p=15317","title":{"rendered":"Descartan alza de contagios de COVID-19 en el pa\u00eds"},"content":{"rendered":"\n<p>Las autoridades de Salud de El Salvador descartaron este d\u00eda que el pa\u00eds est\u00e9 experimentando una nueva alza significativa de contagios de COVID-19. Las autoridades, sin embargo, se\u00f1alaron que se ha reportado un alza m\u00ednima en los casos confirmados, la cual se debe a una relajaci\u00f3n por parte de la poblaci\u00f3n en la aplicaci\u00f3n de medidas de bioseguridad.<\/p>\n\n\n\n<p>Seg\u00fan los datos del Ministerio de Salud, la curva de contagios comenz\u00f3 a experimentar un ascenso a partir de este mes. El pasado martes se registraron 198 nuevos casos de coronavirus en el pa\u00eds, por lo que el ministro de Salud, Francisco Alabi, hizo un llamado a la poblaci\u00f3n a no relajar las medidas de bioseguridad.<\/p>\n\n\n\n<p>\u201cLas concentraciones de personas como las que hubo en la ciudad de Santa Ana, no contribuyen en nada para el control de la pandemia\u201d, se\u00f1al\u00f3 el ministro Alabi, destacando tambi\u00e9n que, en las m\u00e1s de 1,000 camas de cuidados intermedios e intensivos del Hospital El Salvador, se atienden 415 pacientes hasta el momento.<\/p>\n\n\n\n<p>El Gobierno mantiene en vigor toda la estrategia del manejo sanitario contra el COVID-19 y corresponde a la poblaci\u00f3n cuidarse y acatar todos los protocolos de bioseguridad para limitar los contagios, evitar congregaciones de personas y el uso continuo de alcohol gel y lavado de manos, entre otras disposiciones.<\/p>\n\n\n\n<p>A la par de la estrategia de atenci\u00f3n a los pacientes y la identificaci\u00f3n de casos por medio de la toma de pruebas para el examen PCR, el Gobierno tiene en desarrollo un excepcional plan de vacunaci\u00f3n, uno de los mejores modelos de Latinoam\u00e9rica respaldado por la Organizaci\u00f3n Mundial de la Salud (OMS).<\/p>\n","protected":false},"excerpt":{"rendered":"<p>Las autoridades de Salud de El Salvador descartaron este d\u00eda que el pa\u00eds est\u00e9 experimentando una nueva alza significativa de<\/p>\n","protected":false},"author":2,"featured_media":15318,"comment_status":"open","ping_status":"open","sticky":false,"template":"","format":"standard","meta":{"colormag_page_container_layout":"default_layout","colormag_page_sidebar_layout":"default_layout","footnotes":""},"categories":[1],"tags":[],"class_list":["post-15317","post","type-post","status-publish","format-standard","has-post-thumbnail","hentry","category-nacional"],"_links":{"self":[{"href":"https:\/\/elmetidosv.com\/index.php?rest_route=\/wp\/v2\/posts\/15317","targetHints":{"allow":["GET"]}}],"collection":[{"href":"https:\/\/elmetidosv.com\/index.php?rest_route=\/wp\/v2\/posts"}],"about":[{"href":"https:\/\/elmetidosv.com\/index.php?rest_route=\/wp\/v2\/types\/post"}],"author":[{"embeddable":true,"href":"https:\/\/elmetidosv.com\/index.php?rest_route=\/wp\/v2\/users\/2"}],"replies":[{"embeddable":true,"href":"https:\/\/elmetidosv.com\/index.php?rest_route=%2Fwp%2Fv2%2Fcomments&post=15317"}],"version-history":[{"count":1,"href":"https:\/\/elmetidosv.com\/index.php?rest_route=\/wp\/v2\/posts\/15317\/revisions"}],"predecessor-version":[{"id":15319,"href":"https:\/\/elmetidosv.com\/index.php?rest_route=\/wp\/v2\/posts\/15317\/revisions\/15319"}],"wp:featuredmedia":[{"embeddable":true,"href":"https:\/\/elmetidosv.com\/index.php?rest_route=\/wp\/v2\/media\/15318"}],"wp:attachment":[{"href":"https:\/\/elmetidosv.com\/index.php?rest_route=%2Fwp%2Fv2%2Fmedia&parent=15317"}],"wp:term":[{"taxonomy":"category","embeddable":true,"href":"https:\/\/elmetidosv.com\/index.php?rest_route=%2Fwp%2Fv2%2Fcategories&post=15317"},{"taxonomy":"post_tag","embeddable":true,"href":"https:\/\/elmetidosv.com\/index.php?rest_route=%2Fwp%2Fv2%2Ftags&post=15317"}],"curies":[{"name":"wp","href":"https:\/\/api.w.org\/{rel}","templated":true}]}}