{"id":1524,"date":"2020-04-15T19:12:40","date_gmt":"2020-04-16T01:12:40","guid":{"rendered":"http:\/\/elmetidosve.com\/?p=1524"},"modified":"2020-04-15T19:12:47","modified_gmt":"2020-04-16T01:12:47","slug":"ministro-de-trabajo-advierte-a-empresas-para-evitar-repercusiones-legales-por-despido-de-empleados","status":"publish","type":"post","link":"https:\/\/elmetidosv.com\/?p=1524","title":{"rendered":"Ministro de Trabajo advierte a empresas para evitar repercusiones legales por despido de empleados"},"content":{"rendered":"\n<p>El ministro de Trabajo, Rolando Castro, se dirigi\u00f3 a las empresas que est\u00e1n utilizando de forma equivocada los art\u00edculos de la Ley de Emergencia para evitar que estas caigan en repercusiones legales en el presente o a futuro por suspensi\u00f3n de plazas.<\/p>\n\n\n\n<p>De acuerdo con el funcionario, algunas empresas utilizan un \u201csubterfugio\u201d para aplicar el art\u00edculo 36 numeral 1 de la ley, sobre lo que advirti\u00f3 a los empresarios: \u201cNo es de aplicaci\u00f3n autom\u00e1tica, las empresas que lo hagan, se estar\u00e1n exponiendo.\u201d<\/p>\n\n\n\n<p>Para quienes incumplan la normativa a su favor, el Ministerio de Trabajo podr\u00eda aplicar sanciones. Adem\u00e1s, el titular de esta cartera hizo un llamado al di\u00e1logo: \u201ccualquier medida que se quiera implementar debemos analizarla, dialogarla y discutirla\u201d, afirm\u00f3.<\/p>\n\n\n\n<p>El ministro Castro reiter\u00f3 que como instituci\u00f3n \u201cvamos a tutelar el derecho de los trabajadores\u201d en vista a que grandes empresas aplican mal los art\u00edculos de la Ley de Emergencia para despedir a sus empleados.<\/p>\n\n\n\n<p>Ante la situaci\u00f3n por la que atraviesa el pa\u00eds, el Ministerio de Trabajo junto con otras entidades del Gobierno se encuentran vigilantes para evitar atropellos a los derechos de los trabajadores.<\/p>\n","protected":false},"excerpt":{"rendered":"<p>El ministro de Trabajo, Rolando Castro, se dirigi\u00f3 a las empresas que est\u00e1n utilizando de forma equivocada los art\u00edculos de<\/p>\n","protected":false},"author":1,"featured_media":1525,"comment_status":"open","ping_status":"open","sticky":false,"template":"","format":"standard","meta":{"colormag_page_container_layout":"default_layout","colormag_page_sidebar_layout":"default_layout","footnotes":""},"categories":[1],"tags":[],"class_list":["post-1524","post","type-post","status-publish","format-standard","has-post-thumbnail","hentry","category-nacional"],"_links":{"self":[{"href":"https:\/\/elmetidosv.com\/index.php?rest_route=\/wp\/v2\/posts\/1524","targetHints":{"allow":["GET"]}}],"collection":[{"href":"https:\/\/elmetidosv.com\/index.php?rest_route=\/wp\/v2\/posts"}],"about":[{"href":"https:\/\/elmetidosv.com\/index.php?rest_route=\/wp\/v2\/types\/post"}],"author":[{"embeddable":true,"href":"https:\/\/elmetidosv.com\/index.php?rest_route=\/wp\/v2\/users\/1"}],"replies":[{"embeddable":true,"href":"https:\/\/elmetidosv.com\/index.php?rest_route=%2Fwp%2Fv2%2Fcomments&post=1524"}],"version-history":[{"count":1,"href":"https:\/\/elmetidosv.com\/index.php?rest_route=\/wp\/v2\/posts\/1524\/revisions"}],"predecessor-version":[{"id":1526,"href":"https:\/\/elmetidosv.com\/index.php?rest_route=\/wp\/v2\/posts\/1524\/revisions\/1526"}],"wp:featuredmedia":[{"embeddable":true,"href":"https:\/\/elmetidosv.com\/index.php?rest_route=\/wp\/v2\/media\/1525"}],"wp:attachment":[{"href":"https:\/\/elmetidosv.com\/index.php?rest_route=%2Fwp%2Fv2%2Fmedia&parent=1524"}],"wp:term":[{"taxonomy":"category","embeddable":true,"href":"https:\/\/elmetidosv.com\/index.php?rest_route=%2Fwp%2Fv2%2Fcategories&post=1524"},{"taxonomy":"post_tag","embeddable":true,"href":"https:\/\/elmetidosv.com\/index.php?rest_route=%2Fwp%2Fv2%2Ftags&post=1524"}],"curies":[{"name":"wp","href":"https:\/\/api.w.org\/{rel}","templated":true}]}}