{"id":15065,"date":"2021-06-05T18:25:07","date_gmt":"2021-06-06T00:25:07","guid":{"rendered":"http:\/\/elmetidosve.com\/?p=15065"},"modified":"2021-06-05T18:25:14","modified_gmt":"2021-06-06T00:25:14","slug":"localizan-el-cuerpo-de-uno-de-los-siete-mineros-atrapados-en-una-mina-de-carbon-en-coahuila","status":"publish","type":"post","link":"https:\/\/elmetidosv.com\/?p=15065","title":{"rendered":"Localizan el cuerpo de uno de los siete mineros atrapados en una mina de carb\u00f3n en Coahuila"},"content":{"rendered":"\n<p>Protecci\u00f3n Civil de M\u00e9xico\u00a0confirm\u00f3 este s\u00e1bado\u00a0que los equipos de rescate localizaron el cuerpo de uno de los siete trabajadores atrapados por el colapso de una mina de carb\u00f3n en el\u00a0municipio M\u00fazquiz en Coahuila,\u00a0M\u00e9xico.\u00a0\u00abExpresamos nuestro m\u00e1s sentido p\u00e9same a la familia del trabajador fallecido\u00bb, escribi\u00f3 la Protecci\u00f3n Civil en Twitter e indic\u00f3 que el gobierno estaba trabajando ininterrumpidamente en las labores de b\u00fasqueda y rescate para encontrar a los mineros restantes.<\/p>\n\n\n\n<p>El derrumbe de la mina ocurri\u00f3 alrededor de las 12:50 p.m. del viernes. El Secretario de Gobierno de Coahuila, Fernando de las Fuentes Hern\u00e1ndez, y el Fiscal General del Estado, Gerardo M\u00e1rquez Guevara, se encuentran en las instalaciones de la mina de arrastre en este municipio donde 7 trabajadores que realizaban labores quedaron atrapados.<\/p>\n\n\n\n<p>Junto a autoridades de la Secretar\u00eda de la Defensa Nacional, Guardia Nacional, Mando \u00danico, inspectores del Trabajo y Protecci\u00f3n Civil, coordinan acciones para el rescate de los mineros con apoyo de un equipo especializado de la empresa Minera del Norte Unidad MIMOSA.<\/p>\n\n\n\n<p>Actualmente se trabaja en el desag\u00fce de la mina con bombas hidr\u00e1ulicas, y se gestiona ante la Comisi\u00f3n Nacional del Agua la integraci\u00f3n de dos equipos m\u00e1s de mayor capacidad para agilizar las actividades.<\/p>\n\n\n\n<p>Las autoridades se mantienen en el sitio donde se suscit\u00f3 el accidente para coadyuvar en las acciones que se requieran para el desag\u00fce del centro de trabajo y la localizaci\u00f3n de los mineros:<\/p>\n\n\n\n<p>1.- Leopoldo \u201cN\u201d.<br>2.- Dami\u00e1n \u201cN\u201d.<br>3.- Mauricio \u201cN\u201d.<br>4.- Humberto \u201cN\u201d.<br>5.- Gonzalo \u201cN\u201d.<br>6.- Pedro \u201cN\u201d<br>7.- Francisco \u201cN\u201d.<\/p>\n\n\n\n<p>El presidente de M\u00e9xico Andr\u00e9s Manuel L\u00f3pez Obrador se refiri\u00f3 a la situaci\u00f3n en Coahuila.<br>Dijo que ha instruido a las entidades competentes para que acudan a la zona y coordinen los trabajos de rescate con las autoridades locales.<\/p>\n\n\n\n<p>\u00abDeseamos que el rescate sea favorable para las familias y para todos\u00bb, escribi\u00f3 en Twitter.<\/p>\n\n\n\n<p>M\u00fazquiz est\u00e1 ubicado en el noreste de M\u00e9xico y las principales actividades econ\u00f3micas son la ganader\u00eda y la miner\u00eda.<br><\/p>\n","protected":false},"excerpt":{"rendered":"<p>Protecci\u00f3n Civil de M\u00e9xico\u00a0confirm\u00f3 este s\u00e1bado\u00a0que los equipos de rescate localizaron el cuerpo de uno de los siete trabajadores atrapados<\/p>\n","protected":false},"author":2,"featured_media":15066,"comment_status":"open","ping_status":"open","sticky":false,"template":"","format":"standard","meta":{"colormag_page_container_layout":"default_layout","colormag_page_sidebar_layout":"default_layout","footnotes":""},"categories":[3],"tags":[],"class_list":["post-15065","post","type-post","status-publish","format-standard","has-post-thumbnail","hentry","category-internacional"],"_links":{"self":[{"href":"https:\/\/elmetidosv.com\/index.php?rest_route=\/wp\/v2\/posts\/15065","targetHints":{"allow":["GET"]}}],"collection":[{"href":"https:\/\/elmetidosv.com\/index.php?rest_route=\/wp\/v2\/posts"}],"about":[{"href":"https:\/\/elmetidosv.com\/index.php?rest_route=\/wp\/v2\/types\/post"}],"author":[{"embeddable":true,"href":"https:\/\/elmetidosv.com\/index.php?rest_route=\/wp\/v2\/users\/2"}],"replies":[{"embeddable":true,"href":"https:\/\/elmetidosv.com\/index.php?rest_route=%2Fwp%2Fv2%2Fcomments&post=15065"}],"version-history":[{"count":1,"href":"https:\/\/elmetidosv.com\/index.php?rest_route=\/wp\/v2\/posts\/15065\/revisions"}],"predecessor-version":[{"id":15067,"href":"https:\/\/elmetidosv.com\/index.php?rest_route=\/wp\/v2\/posts\/15065\/revisions\/15067"}],"wp:featuredmedia":[{"embeddable":true,"href":"https:\/\/elmetidosv.com\/index.php?rest_route=\/wp\/v2\/media\/15066"}],"wp:attachment":[{"href":"https:\/\/elmetidosv.com\/index.php?rest_route=%2Fwp%2Fv2%2Fmedia&parent=15065"}],"wp:term":[{"taxonomy":"category","embeddable":true,"href":"https:\/\/elmetidosv.com\/index.php?rest_route=%2Fwp%2Fv2%2Fcategories&post=15065"},{"taxonomy":"post_tag","embeddable":true,"href":"https:\/\/elmetidosv.com\/index.php?rest_route=%2Fwp%2Fv2%2Ftags&post=15065"}],"curies":[{"name":"wp","href":"https:\/\/api.w.org\/{rel}","templated":true}]}}