{"id":14969,"date":"2021-06-02T16:52:58","date_gmt":"2021-06-02T22:52:58","guid":{"rendered":"http:\/\/elmetidosve.com\/?p=14969"},"modified":"2021-06-02T16:53:07","modified_gmt":"2021-06-02T22:53:07","slug":"atletas-de-diferentes-federaciones-y-asociaciones-deportivas-son-vacunados-contra-el-covid-19","status":"publish","type":"post","link":"https:\/\/elmetidosv.com\/?p=14969","title":{"rendered":"Atletas de diferentes federaciones y asociaciones deportivas son vacunados contra el COVID-19"},"content":{"rendered":"\n<p>Atletas de diferentes federaciones y asociaciones deportivas iniciaron este d\u00eda su proceso de inmunizaci\u00f3n en el Megacentro de Vacunaci\u00f3n de San Salvador.<\/p>\n\n\n\n<p>Los atletas que hoy han acudido a recibir su primera dosis fueron atendidos y asesorados en cada paso del proceso por el personal destacado en el Mega Centro.<\/p>\n\n\n\n<p>La semana pasada, el presidente ad honorem del INDES, Yamil Bukele, anunci\u00f3 que los atletas nacionales, que tienen compromisos internacionales en los pr\u00f3ximos meses, recibir\u00e1n la vacuna anti-COVID-19.<\/p>\n\n\n\n<p>Victoria Mar\u00eda Greni, levantadora de pesas y que en julio viajar\u00e1 a Colombia para participar en un campeonato panamericano expres\u00f3 que \u201cEsto nos da seguridad, podremos salir del pa\u00eds a competir m\u00e1s protegidos\u201d.<\/p>\n\n\n\n<p>\u201cHa sido una buena experiencia, agradezco al INDES por esta oportunidad de estar vacunada\u201d, expres\u00f3 Paola Corado, una de las seleccionadas salvadore\u00f1as de la disciplina de tiro con arco.<\/p>\n\n\n\n<p>Para desarrollar el proceso de vacunaci\u00f3n de los seleccionados nacionales, las federaciones y asociaciones deportivas remitieron los listados de los atletas que conforman sus equipos y que tienen pr\u00f3ximamente competiciones en el exterior.<\/p>\n\n\n\n<p>Los entrenadores que acompa\u00f1ar\u00e1n a los atletas nacionales en sus obligaciones internacionales tambi\u00e9n ser\u00e1n vacunados contra el coronavirus, indicaron autoridades del Ministerio de Salud.<\/p>\n","protected":false},"excerpt":{"rendered":"<p>Atletas de diferentes federaciones y asociaciones deportivas iniciaron este d\u00eda su proceso de inmunizaci\u00f3n en el Megacentro de Vacunaci\u00f3n de<\/p>\n","protected":false},"author":2,"featured_media":14970,"comment_status":"open","ping_status":"open","sticky":false,"template":"","format":"standard","meta":{"colormag_page_container_layout":"default_layout","colormag_page_sidebar_layout":"default_layout","footnotes":""},"categories":[1],"tags":[],"class_list":["post-14969","post","type-post","status-publish","format-standard","has-post-thumbnail","hentry","category-nacional"],"_links":{"self":[{"href":"https:\/\/elmetidosv.com\/index.php?rest_route=\/wp\/v2\/posts\/14969","targetHints":{"allow":["GET"]}}],"collection":[{"href":"https:\/\/elmetidosv.com\/index.php?rest_route=\/wp\/v2\/posts"}],"about":[{"href":"https:\/\/elmetidosv.com\/index.php?rest_route=\/wp\/v2\/types\/post"}],"author":[{"embeddable":true,"href":"https:\/\/elmetidosv.com\/index.php?rest_route=\/wp\/v2\/users\/2"}],"replies":[{"embeddable":true,"href":"https:\/\/elmetidosv.com\/index.php?rest_route=%2Fwp%2Fv2%2Fcomments&post=14969"}],"version-history":[{"count":1,"href":"https:\/\/elmetidosv.com\/index.php?rest_route=\/wp\/v2\/posts\/14969\/revisions"}],"predecessor-version":[{"id":14971,"href":"https:\/\/elmetidosv.com\/index.php?rest_route=\/wp\/v2\/posts\/14969\/revisions\/14971"}],"wp:featuredmedia":[{"embeddable":true,"href":"https:\/\/elmetidosv.com\/index.php?rest_route=\/wp\/v2\/media\/14970"}],"wp:attachment":[{"href":"https:\/\/elmetidosv.com\/index.php?rest_route=%2Fwp%2Fv2%2Fmedia&parent=14969"}],"wp:term":[{"taxonomy":"category","embeddable":true,"href":"https:\/\/elmetidosv.com\/index.php?rest_route=%2Fwp%2Fv2%2Fcategories&post=14969"},{"taxonomy":"post_tag","embeddable":true,"href":"https:\/\/elmetidosv.com\/index.php?rest_route=%2Fwp%2Fv2%2Ftags&post=14969"}],"curies":[{"name":"wp","href":"https:\/\/api.w.org\/{rel}","templated":true}]}}