{"id":14966,"date":"2021-06-02T16:35:13","date_gmt":"2021-06-02T22:35:13","guid":{"rendered":"http:\/\/elmetidosve.com\/?p=14966"},"modified":"2021-06-02T16:35:22","modified_gmt":"2021-06-02T22:35:22","slug":"pnc-capturo-a-dos-peligrosos-criminales-en-san-pedro-perulapan","status":"publish","type":"post","link":"https:\/\/elmetidosv.com\/?p=14966","title":{"rendered":"PNC capturo a dos peligrosos criminales en San Pedro Perulap\u00e1n"},"content":{"rendered":"\n<p>La Polic\u00eda Nacional Civil (PNC) captur\u00f3, en las \u00faltimas horas, a dos peligrosos criminales en el cant\u00f3n Istagua, de San Pedro Perulap\u00e1n, Cuscatl\u00e1n.<\/p>\n\n\n\n<p>Los detenidos han sido identificados como Jos\u00e9 Enrique Hern\u00e1ndez Moz y \u00d3scar Alex\u00e1nder Maradiaga Moreno, quienes forman parte activa de una pandilla.<\/p>\n\n\n\n<p>De acuerdo con el reporte, los dos tienen antecedentes delincuenciales. Hern\u00e1ndez Moz fue capturado en 2016 por su vinculaci\u00f3n en el homicidio de un estudiante en la ruta de buses 123, ocurrido en el municipio de Oratoria, Cuscatl\u00e1n.<\/p>\n\n\n\n<p>Mientras que Maradiaga Moreno fue arrestado en agosto del a\u00f1o pasado por lesiones en perjuicio de una mujer, sobre ese hecho la Polic\u00eda no brind\u00f3 m\u00e1s informaci\u00f3n.<\/p>\n\n\n\n<p>Los dos sujetos fueron enviaos a las bartolinas policiales mientras esperan a ser puestos ante los juzgados correspondientes.<\/p>\n","protected":false},"excerpt":{"rendered":"<p>La Polic\u00eda Nacional Civil (PNC) captur\u00f3, en las \u00faltimas horas, a dos peligrosos criminales en el cant\u00f3n Istagua, de San<\/p>\n","protected":false},"author":2,"featured_media":14967,"comment_status":"open","ping_status":"open","sticky":false,"template":"","format":"standard","meta":{"colormag_page_container_layout":"default_layout","colormag_page_sidebar_layout":"default_layout","footnotes":""},"categories":[1],"tags":[],"class_list":["post-14966","post","type-post","status-publish","format-standard","has-post-thumbnail","hentry","category-nacional"],"_links":{"self":[{"href":"https:\/\/elmetidosv.com\/index.php?rest_route=\/wp\/v2\/posts\/14966","targetHints":{"allow":["GET"]}}],"collection":[{"href":"https:\/\/elmetidosv.com\/index.php?rest_route=\/wp\/v2\/posts"}],"about":[{"href":"https:\/\/elmetidosv.com\/index.php?rest_route=\/wp\/v2\/types\/post"}],"author":[{"embeddable":true,"href":"https:\/\/elmetidosv.com\/index.php?rest_route=\/wp\/v2\/users\/2"}],"replies":[{"embeddable":true,"href":"https:\/\/elmetidosv.com\/index.php?rest_route=%2Fwp%2Fv2%2Fcomments&post=14966"}],"version-history":[{"count":1,"href":"https:\/\/elmetidosv.com\/index.php?rest_route=\/wp\/v2\/posts\/14966\/revisions"}],"predecessor-version":[{"id":14968,"href":"https:\/\/elmetidosv.com\/index.php?rest_route=\/wp\/v2\/posts\/14966\/revisions\/14968"}],"wp:featuredmedia":[{"embeddable":true,"href":"https:\/\/elmetidosv.com\/index.php?rest_route=\/wp\/v2\/media\/14967"}],"wp:attachment":[{"href":"https:\/\/elmetidosv.com\/index.php?rest_route=%2Fwp%2Fv2%2Fmedia&parent=14966"}],"wp:term":[{"taxonomy":"category","embeddable":true,"href":"https:\/\/elmetidosv.com\/index.php?rest_route=%2Fwp%2Fv2%2Fcategories&post=14966"},{"taxonomy":"post_tag","embeddable":true,"href":"https:\/\/elmetidosv.com\/index.php?rest_route=%2Fwp%2Fv2%2Ftags&post=14966"}],"curies":[{"name":"wp","href":"https:\/\/api.w.org\/{rel}","templated":true}]}}