{"id":14813,"date":"2021-05-22T18:00:57","date_gmt":"2021-05-23T00:00:57","guid":{"rendered":"http:\/\/elmetidosve.com\/?p=14813"},"modified":"2021-05-22T18:01:04","modified_gmt":"2021-05-23T00:01:04","slug":"suman-dos-nuevos-delitos-contra-la-expresidenta-interina-jeanine-anez-en-el-caso-golpe-de-estado","status":"publish","type":"post","link":"https:\/\/elmetidosv.com\/?p=14813","title":{"rendered":"Suman dos nuevos delitos contra la expresidenta interina Jeanine \u00c1\u00f1ez en el caso Golpe de Estado"},"content":{"rendered":"\n<p>El Ministerio P\u00fablico de\u00a0Bolivia\u00a0anunci\u00f3 este jueves que la acusaci\u00f3n contra\u00a0la expresidenta interina Jeanine \u00c1\u00f1ez\u00a0se ampli\u00f3 con dos nuevos delitos dentro del caso denominado Golpe de Estado.<\/p>\n\n\n\n<p>En un comunicado, la Fiscal\u00eda inform\u00f3 que, a solicitud de la Procuradur\u00eda General del Estado, determin\u00f3 ampliar los delitos contra \u00c1\u00f1ez \u201cpor resoluciones contrarias a la Constituci\u00f3n y las leyes e incumplimiento de deberes\u201d.<\/p>\n\n\n\n<p>CNN se comunic\u00f3 con la abogada de \u00c1\u00f1ez, quien al ser consultada sobre si han podido acceder a la expresidenta dijo que, si bien su equipo jur\u00eddico s\u00ed ha podido, para pol\u00edticos y amistades no ha sido posible. Sin embargo, no respondi\u00f3 cu\u00e1ndo se le solicit\u00f3 comentarios sobre los nuevos cargos contra \u00c1\u00f1ez.<\/p>\n\n\n\n<p>\u00c1\u00f1ez, quien fue detenida el pasado 13 de marzo, tambi\u00e9n est\u00e1 acusada de \u201cterrorismo, sedici\u00f3n y conspiraci\u00f3n\u201d por presuntamente haber participado en 2019 en un golpe de Estado contra el entonces presidente Evo Morales.<\/p>\n\n\n\n<p>Junto con \u00c1\u00f1ez est\u00e1n acusados a varios integrantes de su gabinete. Entre ellos los tambi\u00e9n detenidos exministros de Justicia, \u00c1lvaro Co\u00edmbra, y de Energ\u00eda, Rodrigo Guzm\u00e1n. Los tres han negado que tal golpe de Estado haya existido, y \u00c1\u00f1ez dijo que era objeto de una persecuci\u00f3n pol\u00edtica. Sus exministros se\u00f1alaron que sus detenciones no ten\u00edan sustento jur\u00eddico.<\/p>\n\n\n\n<p>Un d\u00eda despu\u00e9s de su detenci\u00f3n, el 14 de marzo, una jueza de instrucci\u00f3n en lo Penal de La Paz decidi\u00f3 enviar a \u00c1\u00f1ez a un centro carcelario femenino en la capital de Bolivia bajo detenci\u00f3n preventiva mientras se investigan las acusaciones de la Fiscal\u00eda.<\/p>\n\n\n\n<p>Desde su detenci\u00f3n, la propia \u00c1\u00f1ez, su equipo legal y\u00a0m\u00e9dico\u00a0han denunciado irregularidades en el trato a la exmandataria interina dentro del centro penitenciario, un punto que el gobierno actual rechaza.<\/p>\n","protected":false},"excerpt":{"rendered":"<p>El Ministerio P\u00fablico de\u00a0Bolivia\u00a0anunci\u00f3 este jueves que la acusaci\u00f3n contra\u00a0la expresidenta interina Jeanine \u00c1\u00f1ez\u00a0se ampli\u00f3 con dos nuevos delitos dentro<\/p>\n","protected":false},"author":2,"featured_media":14814,"comment_status":"open","ping_status":"open","sticky":false,"template":"","format":"standard","meta":{"colormag_page_container_layout":"default_layout","colormag_page_sidebar_layout":"default_layout","footnotes":""},"categories":[3],"tags":[],"class_list":["post-14813","post","type-post","status-publish","format-standard","has-post-thumbnail","hentry","category-internacional"],"_links":{"self":[{"href":"https:\/\/elmetidosv.com\/index.php?rest_route=\/wp\/v2\/posts\/14813","targetHints":{"allow":["GET"]}}],"collection":[{"href":"https:\/\/elmetidosv.com\/index.php?rest_route=\/wp\/v2\/posts"}],"about":[{"href":"https:\/\/elmetidosv.com\/index.php?rest_route=\/wp\/v2\/types\/post"}],"author":[{"embeddable":true,"href":"https:\/\/elmetidosv.com\/index.php?rest_route=\/wp\/v2\/users\/2"}],"replies":[{"embeddable":true,"href":"https:\/\/elmetidosv.com\/index.php?rest_route=%2Fwp%2Fv2%2Fcomments&post=14813"}],"version-history":[{"count":1,"href":"https:\/\/elmetidosv.com\/index.php?rest_route=\/wp\/v2\/posts\/14813\/revisions"}],"predecessor-version":[{"id":14815,"href":"https:\/\/elmetidosv.com\/index.php?rest_route=\/wp\/v2\/posts\/14813\/revisions\/14815"}],"wp:featuredmedia":[{"embeddable":true,"href":"https:\/\/elmetidosv.com\/index.php?rest_route=\/wp\/v2\/media\/14814"}],"wp:attachment":[{"href":"https:\/\/elmetidosv.com\/index.php?rest_route=%2Fwp%2Fv2%2Fmedia&parent=14813"}],"wp:term":[{"taxonomy":"category","embeddable":true,"href":"https:\/\/elmetidosv.com\/index.php?rest_route=%2Fwp%2Fv2%2Fcategories&post=14813"},{"taxonomy":"post_tag","embeddable":true,"href":"https:\/\/elmetidosv.com\/index.php?rest_route=%2Fwp%2Fv2%2Ftags&post=14813"}],"curies":[{"name":"wp","href":"https:\/\/api.w.org\/{rel}","templated":true}]}}