{"id":14748,"date":"2021-05-20T13:43:15","date_gmt":"2021-05-20T19:43:15","guid":{"rendered":"http:\/\/elmetidosve.com\/?p=14748"},"modified":"2021-05-20T13:43:23","modified_gmt":"2021-05-20T19:43:23","slug":"un-accidente-de-transito-cobro-la-vida-de-dos-personas-en-la-carretera-panamericana","status":"publish","type":"post","link":"https:\/\/elmetidosv.com\/?p=14748","title":{"rendered":"Un accidente de tr\u00e1nsito cobr\u00f3 la vida de dos personas en la carretera Panamericana"},"content":{"rendered":"\n<p>Un accidente de tr\u00e1nsito cobr\u00f3 la vida de dos personas esta ma\u00f1ana en la carretera Panamericana que de San Miguel conduce a La Uni\u00f3n, en las cercan\u00edas del sector conocido como La Arenera.<\/p>\n\n\n\n<p>Dichas personas viajaban en una motocicleta en el momento en que se accidentaron con un cami\u00f3n, sin conocerse hasta el momento c\u00f3mo sucedieron los hechos.<\/p>\n\n\n\n<p>Reportes preliminares indican que las v\u00edctimas son un hombre y una mujer, cuyas identidades a\u00fan son desconocidas. Estas personas han quedado sobre el asfalto de la carretera.<\/p>\n\n\n\n<p>Agentes policiales han acordonado el \u00e1rea para procesar la escena. Por su parte, el conductor del cami\u00f3n se ha quedado en el lugar mientras se desarrollan las indagaciones.<\/p>\n\n\n\n<p>En Autopista a Comalapa, sobre el kil\u00f3metro 21, se ha registrado un caso similar en el que un hombre y una mujer se accidentaron al viajar en motocicleta y chocar con una camioneta.<\/p>\n","protected":false},"excerpt":{"rendered":"<p>Un accidente de tr\u00e1nsito cobr\u00f3 la vida de dos personas esta ma\u00f1ana en la carretera Panamericana que de San Miguel<\/p>\n","protected":false},"author":2,"featured_media":14750,"comment_status":"open","ping_status":"open","sticky":false,"template":"","format":"standard","meta":{"colormag_page_container_layout":"default_layout","colormag_page_sidebar_layout":"default_layout","footnotes":""},"categories":[1],"tags":[],"class_list":["post-14748","post","type-post","status-publish","format-standard","has-post-thumbnail","hentry","category-nacional"],"_links":{"self":[{"href":"https:\/\/elmetidosv.com\/index.php?rest_route=\/wp\/v2\/posts\/14748","targetHints":{"allow":["GET"]}}],"collection":[{"href":"https:\/\/elmetidosv.com\/index.php?rest_route=\/wp\/v2\/posts"}],"about":[{"href":"https:\/\/elmetidosv.com\/index.php?rest_route=\/wp\/v2\/types\/post"}],"author":[{"embeddable":true,"href":"https:\/\/elmetidosv.com\/index.php?rest_route=\/wp\/v2\/users\/2"}],"replies":[{"embeddable":true,"href":"https:\/\/elmetidosv.com\/index.php?rest_route=%2Fwp%2Fv2%2Fcomments&post=14748"}],"version-history":[{"count":1,"href":"https:\/\/elmetidosv.com\/index.php?rest_route=\/wp\/v2\/posts\/14748\/revisions"}],"predecessor-version":[{"id":14751,"href":"https:\/\/elmetidosv.com\/index.php?rest_route=\/wp\/v2\/posts\/14748\/revisions\/14751"}],"wp:featuredmedia":[{"embeddable":true,"href":"https:\/\/elmetidosv.com\/index.php?rest_route=\/wp\/v2\/media\/14750"}],"wp:attachment":[{"href":"https:\/\/elmetidosv.com\/index.php?rest_route=%2Fwp%2Fv2%2Fmedia&parent=14748"}],"wp:term":[{"taxonomy":"category","embeddable":true,"href":"https:\/\/elmetidosv.com\/index.php?rest_route=%2Fwp%2Fv2%2Fcategories&post=14748"},{"taxonomy":"post_tag","embeddable":true,"href":"https:\/\/elmetidosv.com\/index.php?rest_route=%2Fwp%2Fv2%2Ftags&post=14748"}],"curies":[{"name":"wp","href":"https:\/\/api.w.org\/{rel}","templated":true}]}}