{"id":14741,"date":"2021-05-20T13:32:26","date_gmt":"2021-05-20T19:32:26","guid":{"rendered":"http:\/\/elmetidosve.com\/?p=14741"},"modified":"2021-05-20T13:32:34","modified_gmt":"2021-05-20T19:32:34","slug":"trasladan-a-zacatraz-al-suegro-del-profugo-mauricio-funes","status":"publish","type":"post","link":"https:\/\/elmetidosv.com\/?p=14741","title":{"rendered":"Trasladan a Zacatraz al suegro del pr\u00f3fugo Mauricio Funes"},"content":{"rendered":"\n<figure class=\"wp-block-gallery columns-2 is-cropped wp-block-gallery-1 is-layout-flex wp-block-gallery-is-layout-flex\"><ul class=\"blocks-gallery-grid\"><li class=\"blocks-gallery-item\"><figure><img loading=\"lazy\" decoding=\"async\" width=\"1024\" height=\"450\" src=\"http:\/\/elmetidosve.com\/wp-content\/uploads\/2021\/05\/c6455208-8eee-4c2d-b722-d9543a0f72e3-1.jpeg\" alt=\"\" data-id=\"14742\" data-link=\"http:\/\/elmetidosve.com\/?attachment_id=14742\" class=\"wp-image-14742\" srcset=\"https:\/\/elmetidosv.com\/wp-content\/uploads\/2021\/05\/c6455208-8eee-4c2d-b722-d9543a0f72e3-1.jpeg 1024w, https:\/\/elmetidosv.com\/wp-content\/uploads\/2021\/05\/c6455208-8eee-4c2d-b722-d9543a0f72e3-1-300x132.jpeg 300w, https:\/\/elmetidosv.com\/wp-content\/uploads\/2021\/05\/c6455208-8eee-4c2d-b722-d9543a0f72e3-1-768x338.jpeg 768w\" sizes=\"auto, (max-width: 1024px) 100vw, 1024px\" \/><\/figure><\/li><li class=\"blocks-gallery-item\"><figure><img loading=\"lazy\" decoding=\"async\" width=\"627\" height=\"360\" src=\"http:\/\/elmetidosve.com\/wp-content\/uploads\/2021\/05\/0000-80.jpg\" alt=\"\" data-id=\"14744\" data-full-url=\"http:\/\/elmetidosve.com\/wp-content\/uploads\/2021\/05\/0000-80.jpg\" data-link=\"http:\/\/elmetidosve.com\/?attachment_id=14744\" class=\"wp-image-14744\" srcset=\"https:\/\/elmetidosv.com\/wp-content\/uploads\/2021\/05\/0000-80.jpg 627w, https:\/\/elmetidosv.com\/wp-content\/uploads\/2021\/05\/0000-80-300x172.jpg 300w\" sizes=\"auto, (max-width: 627px) 100vw, 627px\" \/><\/figure><\/li><\/ul><\/figure>\n\n\n\n<p>Juan Carlos Guzm\u00e1n Berdugo, suegro del expresidente pr\u00f3fugo Mauricio Funes, fue trasladado esta ma\u00f1ana al penal de m\u00e1xima seguridad en Zacatecoluca, mejor conocido como \u201cZacatraz\u201d, lugar donde encarcelan a los \u201cpeores criminales\u201d.<\/p>\n\n\n\n<p>Bergudo, padre de la compa\u00f1era sentimental de Funes, Ada Michelle Guzm\u00e1n \u201cMichi\u201d, es acusado de lavado de dinero y activos en el caso \u201cSaqueo P\u00fablico\u201d, como parte de la red que operaba el pr\u00f3fugo efemelenista. Deposit\u00f3 m\u00e1s de $39,000 en sus cuentas personales sin justificar el origen. Berdugo forma parte de la estructura de corrupci\u00f3n que se habr\u00eda apropiado de $351 millones.<\/p>\n\n\n\n<p>Funes no fue capturado cuando fueron allanadas sus propiedades, y las autorides fiscales y policiales de 2016 permitieron que se fugara a Nicaragua, donde por r\u00e9gimen de Ortega no puede ser extraditado. \u201cTenemos conocimiento que el expresidente se encuentra en el aeropuerto, que entra y sale de Nicaragua\u201d, dijo en ese entonces el fiscal.<\/p>\n\n\n\n<p>Rodolfo Delgado, nuevo fiscal general, expres\u00f3 ayer que, ante la desidia de las autoridades de entonces, \u201cahora Funes se burla de los salvadore\u00f1os desde Nicaragua\u201d.<\/p>\n\n\n\n<p>El director de Centros Penales, Osiris Luna, acudi\u00f3 al Juzgado Octavo de Instrucci\u00f3n para recoger la autorizaci\u00f3n del traslado de Juan Carlos Guzm\u00e1n al centro penitenciario de Zacatecoluca.<\/p>\n","protected":false},"excerpt":{"rendered":"<p>Juan Carlos Guzm\u00e1n Berdugo, suegro del expresidente pr\u00f3fugo Mauricio Funes, fue trasladado esta ma\u00f1ana al penal de m\u00e1xima seguridad en<\/p>\n","protected":false},"author":2,"featured_media":14742,"comment_status":"open","ping_status":"open","sticky":false,"template":"","format":"standard","meta":{"colormag_page_container_layout":"default_layout","colormag_page_sidebar_layout":"default_layout","footnotes":""},"categories":[1],"tags":[],"class_list":["post-14741","post","type-post","status-publish","format-standard","has-post-thumbnail","hentry","category-nacional"],"_links":{"self":[{"href":"https:\/\/elmetidosv.com\/index.php?rest_route=\/wp\/v2\/posts\/14741","targetHints":{"allow":["GET"]}}],"collection":[{"href":"https:\/\/elmetidosv.com\/index.php?rest_route=\/wp\/v2\/posts"}],"about":[{"href":"https:\/\/elmetidosv.com\/index.php?rest_route=\/wp\/v2\/types\/post"}],"author":[{"embeddable":true,"href":"https:\/\/elmetidosv.com\/index.php?rest_route=\/wp\/v2\/users\/2"}],"replies":[{"embeddable":true,"href":"https:\/\/elmetidosv.com\/index.php?rest_route=%2Fwp%2Fv2%2Fcomments&post=14741"}],"version-history":[{"count":1,"href":"https:\/\/elmetidosv.com\/index.php?rest_route=\/wp\/v2\/posts\/14741\/revisions"}],"predecessor-version":[{"id":14745,"href":"https:\/\/elmetidosv.com\/index.php?rest_route=\/wp\/v2\/posts\/14741\/revisions\/14745"}],"wp:featuredmedia":[{"embeddable":true,"href":"https:\/\/elmetidosv.com\/index.php?rest_route=\/wp\/v2\/media\/14742"}],"wp:attachment":[{"href":"https:\/\/elmetidosv.com\/index.php?rest_route=%2Fwp%2Fv2%2Fmedia&parent=14741"}],"wp:term":[{"taxonomy":"category","embeddable":true,"href":"https:\/\/elmetidosv.com\/index.php?rest_route=%2Fwp%2Fv2%2Fcategories&post=14741"},{"taxonomy":"post_tag","embeddable":true,"href":"https:\/\/elmetidosv.com\/index.php?rest_route=%2Fwp%2Fv2%2Ftags&post=14741"}],"curies":[{"name":"wp","href":"https:\/\/api.w.org\/{rel}","templated":true}]}}